{"id":727,"date":"2012-09-25T14:49:20","date_gmt":"2012-09-25T12:49:20","guid":{"rendered":"http:\/\/www.proinca.es\/madridfansblog\/?p=727"},"modified":"2025-05-28T13:38:09","modified_gmt":"2025-05-28T11:38:09","slug":"el-encanto-del-cafe-el-mar-tiendita-enbioverde","status":"publish","type":"post","link":"https:\/\/www.proinca.es\/madridfansblog\/el-encanto-del-cafe-el-mar-tiendita-enbioverde\/","title":{"rendered":"EL ENCANTO DEL CAF\u00c9 EL MAR + TIENDITA ENBIOVERDE"},"content":{"rendered":"<p>Un nuevo espacio relajante y tranquilo ubicado en una antigua peluquer\u00eda de Lavapi\u00e9s. Su fachada original de azulejos est\u00e1 protegida por Patrimonio de la Comunidad y le aporta un punto m\u00e1s de originalidad y encanto a este espacio cuya propietaria Mar\u00eda Quemada ha conseguido darle un c\u00e1lido y agradable ambiente.<!--more--><\/p>\n<p>El Caf\u00e9 El Mar es el lugar ideal para tomarte un caf\u00e9, un t\u00e9, probar sus panes artesanales o sus tartas caseras y escoger del mostrador las piezas de fruta con las que deseas que te preparen un rico licuado al momento. Encontrar\u00e1s tambi\u00e9n riqu\u00edsimos platos siempre basados en la cocina sana y ecol\u00f3gica.<\/p>\n<p>El espacio est\u00e1 compartido con la peque\u00f1a tienda enBioverde especializada en productos ecol\u00f3gicos tanto de alimentaci\u00f3n como de higiene y limpieza y hasta encontrar\u00e1s alimentos 100% bio-org\u00e1nicos para tu mascota canina!<\/p>\n<p>\u00bfTe lo vas a perder? Calle Embajadores n\u00ba 31 y muchas felicidades a Mar\u00eda por la iniciativa.<\/p>\n<p>Foto de Tyler Nix en Unsplash<\/p>\n\n\n<div class=\"kk-star-ratings kksr-auto kksr-align-left kksr-valign-bottom\"\n    data-payload='{&quot;align&quot;:&quot;left&quot;,&quot;id&quot;:&quot;727&quot;,&quot;slug&quot;:&quot;default&quot;,&quot;valign&quot;:&quot;bottom&quot;,&quot;ignore&quot;:&quot;&quot;,&quot;reference&quot;:&quot;auto&quot;,&quot;class&quot;:&quot;&quot;,&quot;count&quot;:&quot;0&quot;,&quot;legendonly&quot;:&quot;&quot;,&quot;readonly&quot;:&quot;&quot;,&quot;score&quot;:&quot;0&quot;,&quot;starsonly&quot;:&quot;&quot;,&quot;best&quot;:&quot;5&quot;,&quot;gap&quot;:&quot;1&quot;,&quot;greet&quot;:&quot;Valora este art\u00edculo&quot;,&quot;legend&quot;:&quot;0\\\/5 - (0 votos)&quot;,&quot;size&quot;:&quot;24&quot;,&quot;title&quot;:&quot;EL ENCANTO DEL CAF\u00c9 EL MAR + TIENDITA ENBIOVERDE&quot;,&quot;width&quot;:&quot;0&quot;,&quot;_legend&quot;:&quot;{score}\\\/{best} - ({count} {votes})&quot;,&quot;font_factor&quot;:&quot;1.25&quot;}'>\n            \n<div class=\"kksr-stars\">\n    \n<div class=\"kksr-stars-inactive\">\n            <div class=\"kksr-star\" data-star=\"1\" style=\"padding-right: 1px\">\n            \n\n<div class=\"kksr-icon\" style=\"width: 24px; height: 24px;\"><\/div>\n        <\/div>\n            <div class=\"kksr-star\" data-star=\"2\" style=\"padding-right: 1px\">\n            \n\n<div class=\"kksr-icon\" style=\"width: 24px; height: 24px;\"><\/div>\n        <\/div>\n            <div class=\"kksr-star\" data-star=\"3\" style=\"padding-right: 1px\">\n            \n\n<div class=\"kksr-icon\" style=\"width: 24px; height: 24px;\"><\/div>\n        <\/div>\n            <div class=\"kksr-star\" data-star=\"4\" style=\"padding-right: 1px\">\n            \n\n<div class=\"kksr-icon\" style=\"width: 24px; height: 24px;\"><\/div>\n        <\/div>\n            <div class=\"kksr-star\" data-star=\"5\" style=\"padding-right: 1px\">\n            \n\n<div class=\"kksr-icon\" style=\"width: 24px; height: 24px;\"><\/div>\n        <\/div>\n    <\/div>\n    \n<div class=\"kksr-stars-active\" style=\"width: 0px;\">\n            <div class=\"kksr-star\" style=\"padding-right: 1px\">\n            \n\n<div class=\"kksr-icon\" style=\"width: 24px; height: 24px;\"><\/div>\n        <\/div>\n            <div class=\"kksr-star\" style=\"padding-right: 1px\">\n            \n\n<div class=\"kksr-icon\" style=\"width: 24px; height: 24px;\"><\/div>\n        <\/div>\n            <div class=\"kksr-star\" style=\"padding-right: 1px\">\n            \n\n<div class=\"kksr-icon\" style=\"width: 24px; height: 24px;\"><\/div>\n        <\/div>\n            <div class=\"kksr-star\" style=\"padding-right: 1px\">\n            \n\n<div class=\"kksr-icon\" style=\"width: 24px; height: 24px;\"><\/div>\n        <\/div>\n            <div class=\"kksr-star\" style=\"padding-right: 1px\">\n            \n\n<div class=\"kksr-icon\" style=\"width: 24px; height: 24px;\"><\/div>\n        <\/div>\n    <\/div>\n<\/div>\n                \n\n<div class=\"kksr-legend\" style=\"font-size: 19.2px;\">\n            <span class=\"kksr-muted\">Valora este art\u00edculo<\/span>\n    <\/div>\n    <\/div>\n","protected":false},"excerpt":{"rendered":"<p>Un nuevo espacio relajante y tranquilo ubicado en una antigua  [&#8230;]<\/p>\n","protected":false},"author":4,"featured_media":7420,"comment_status":"closed","ping_status":"closed","sticky":false,"template":"","format":"standard","meta":{"footnotes":""},"categories":[79],"tags":[36,66,30,5,42,31],"class_list":["post-727","post","type-post","status-publish","format-standard","has-post-thumbnail","hentry","category-vivir-madrid","tag-afterwork","tag-ecologia","tag-gastronomia","tag-madrid","tag-medio-ambiente","tag-restaurantes"],"yoast_head":"<!-- This site is optimized with the Yoast SEO plugin v27.4 - https:\/\/yoast.com\/product\/yoast-seo-wordpress\/ -->\n<title>Nuevo restaurante y tienda CAF\u00c9 EL MAR y TIENDA ENBIOVERDE<\/title>\n<meta name=\"description\" content=\"Un nuevo lugar en el barrio de Lavapi\u00e9s relajante y acogedor para degustar productos ecol\u00f3gicos y artesanos tambi\u00e9n de venta al p\u00fablico en la tienda enBioverde\" \/>\n<meta name=\"robots\" content=\"index, follow, max-snippet:-1, max-image-preview:large, max-video-preview:-1\" \/>\n<link rel=\"canonical\" href=\"https:\/\/www.proinca.es\/madridfansblog\/el-encanto-del-cafe-el-mar-tiendita-enbioverde\/\" \/>\n<meta property=\"og:locale\" content=\"es_ES\" \/>\n<meta property=\"og:type\" content=\"article\" \/>\n<meta property=\"og:title\" content=\"Nuevo restaurante y tienda CAF\u00c9 EL MAR y TIENDA ENBIOVERDE\" \/>\n<meta property=\"og:description\" content=\"Un nuevo lugar en el barrio de Lavapi\u00e9s relajante y acogedor para degustar productos ecol\u00f3gicos y artesanos tambi\u00e9n de venta al p\u00fablico en la tienda enBioverde\" \/>\n<meta property=\"og:url\" content=\"https:\/\/www.proinca.es\/madridfansblog\/el-encanto-del-cafe-el-mar-tiendita-enbioverde\/\" \/>\n<meta property=\"og:site_name\" content=\"Blog Proinca Madrid\" \/>\n<meta property=\"article:published_time\" content=\"2012-09-25T12:49:20+00:00\" \/>\n<meta property=\"article:modified_time\" content=\"2025-05-28T11:38:09+00:00\" \/>\n<meta property=\"og:image\" content=\"https:\/\/www.proinca.es\/madridfansblog\/wp-content\/uploads\/2012\/09\/cafe-el-mar.jpg\" \/>\n\t<meta property=\"og:image:width\" content=\"1000\" \/>\n\t<meta property=\"og:image:height\" content=\"1500\" \/>\n\t<meta property=\"og:image:type\" content=\"image\/jpeg\" \/>\n<meta name=\"author\" content=\"Ana Calero\" \/>\n<script type=\"application\/ld+json\" class=\"yoast-schema-graph\">{\"@context\":\"https:\\\/\\\/schema.org\",\"@graph\":[{\"@type\":\"Article\",\"@id\":\"https:\\\/\\\/www.proinca.es\\\/madridfansblog\\\/el-encanto-del-cafe-el-mar-tiendita-enbioverde\\\/#article\",\"isPartOf\":{\"@id\":\"https:\\\/\\\/www.proinca.es\\\/madridfansblog\\\/el-encanto-del-cafe-el-mar-tiendita-enbioverde\\\/\"},\"author\":{\"name\":\"Ana Calero\",\"@id\":\"https:\\\/\\\/www.proinca.es\\\/madridfansblog\\\/#\\\/schema\\\/person\\\/8401adc89c0a0f5a3574c43326247f1e\"},\"headline\":\"EL ENCANTO DEL CAF\u00c9 EL MAR + TIENDITA ENBIOVERDE\",\"datePublished\":\"2012-09-25T12:49:20+00:00\",\"dateModified\":\"2025-05-28T11:38:09+00:00\",\"mainEntityOfPage\":{\"@id\":\"https:\\\/\\\/www.proinca.es\\\/madridfansblog\\\/el-encanto-del-cafe-el-mar-tiendita-enbioverde\\\/\"},\"wordCount\":179,\"publisher\":{\"@id\":\"https:\\\/\\\/www.proinca.es\\\/madridfansblog\\\/#organization\"},\"image\":{\"@id\":\"https:\\\/\\\/www.proinca.es\\\/madridfansblog\\\/el-encanto-del-cafe-el-mar-tiendita-enbioverde\\\/#primaryimage\"},\"thumbnailUrl\":\"https:\\\/\\\/www.proinca.es\\\/madridfansblog\\\/wp-content\\\/uploads\\\/2012\\\/09\\\/cafe-el-mar.jpg\",\"keywords\":[\"Afterwork\",\"Ecolog\u00eda\",\"Gastronom\u00eda\",\"Madrid\",\"Medio Ambiente\",\"Restaurantes\"],\"articleSection\":[\"VIVIR MADRID\"],\"inLanguage\":\"es\"},{\"@type\":\"WebPage\",\"@id\":\"https:\\\/\\\/www.proinca.es\\\/madridfansblog\\\/el-encanto-del-cafe-el-mar-tiendita-enbioverde\\\/\",\"url\":\"https:\\\/\\\/www.proinca.es\\\/madridfansblog\\\/el-encanto-del-cafe-el-mar-tiendita-enbioverde\\\/\",\"name\":\"Nuevo restaurante y tienda CAF\u00c9 EL MAR y TIENDA ENBIOVERDE\",\"isPartOf\":{\"@id\":\"https:\\\/\\\/www.proinca.es\\\/madridfansblog\\\/#website\"},\"primaryImageOfPage\":{\"@id\":\"https:\\\/\\\/www.proinca.es\\\/madridfansblog\\\/el-encanto-del-cafe-el-mar-tiendita-enbioverde\\\/#primaryimage\"},\"image\":{\"@id\":\"https:\\\/\\\/www.proinca.es\\\/madridfansblog\\\/el-encanto-del-cafe-el-mar-tiendita-enbioverde\\\/#primaryimage\"},\"thumbnailUrl\":\"https:\\\/\\\/www.proinca.es\\\/madridfansblog\\\/wp-content\\\/uploads\\\/2012\\\/09\\\/cafe-el-mar.jpg\",\"datePublished\":\"2012-09-25T12:49:20+00:00\",\"dateModified\":\"2025-05-28T11:38:09+00:00\",\"description\":\"Un nuevo lugar en el barrio de Lavapi\u00e9s relajante y acogedor para degustar productos ecol\u00f3gicos y artesanos tambi\u00e9n de venta al p\u00fablico en la tienda enBioverde\",\"inLanguage\":\"es\",\"potentialAction\":[{\"@type\":\"ReadAction\",\"target\":[\"https:\\\/\\\/www.proinca.es\\\/madridfansblog\\\/el-encanto-del-cafe-el-mar-tiendita-enbioverde\\\/\"]}]},{\"@type\":\"ImageObject\",\"inLanguage\":\"es\",\"@id\":\"https:\\\/\\\/www.proinca.es\\\/madridfansblog\\\/el-encanto-del-cafe-el-mar-tiendita-enbioverde\\\/#primaryimage\",\"url\":\"https:\\\/\\\/www.proinca.es\\\/madridfansblog\\\/wp-content\\\/uploads\\\/2012\\\/09\\\/cafe-el-mar.jpg\",\"contentUrl\":\"https:\\\/\\\/www.proinca.es\\\/madridfansblog\\\/wp-content\\\/uploads\\\/2012\\\/09\\\/cafe-el-mar.jpg\",\"width\":1000,\"height\":1500,\"caption\":\"El encanto del caf\u00e9 el mar + tiendita Enbioverde\"},{\"@type\":\"WebSite\",\"@id\":\"https:\\\/\\\/www.proinca.es\\\/madridfansblog\\\/#website\",\"url\":\"https:\\\/\\\/www.proinca.es\\\/madridfansblog\\\/\",\"name\":\"Madrid Fans Blog Proinca\",\"description\":\"Pisos y apartamentos de alquiler en Madrid\",\"publisher\":{\"@id\":\"https:\\\/\\\/www.proinca.es\\\/madridfansblog\\\/#organization\"},\"potentialAction\":[{\"@type\":\"SearchAction\",\"target\":{\"@type\":\"EntryPoint\",\"urlTemplate\":\"https:\\\/\\\/www.proinca.es\\\/madridfansblog\\\/?s={search_term_string}\"},\"query-input\":{\"@type\":\"PropertyValueSpecification\",\"valueRequired\":true,\"valueName\":\"search_term_string\"}}],\"inLanguage\":\"es\"},{\"@type\":\"Organization\",\"@id\":\"https:\\\/\\\/www.proinca.es\\\/madridfansblog\\\/#organization\",\"name\":\"Proinca\",\"url\":\"https:\\\/\\\/www.proinca.es\\\/madridfansblog\\\/\",\"logo\":{\"@type\":\"ImageObject\",\"inLanguage\":\"es\",\"@id\":\"https:\\\/\\\/www.proinca.es\\\/madridfansblog\\\/#\\\/schema\\\/logo\\\/image\\\/\",\"url\":\"https:\\\/\\\/www.proinca.es\\\/madridfansblog\\\/wp-content\\\/uploads\\\/2022\\\/03\\\/logo-proinca.jpg\",\"contentUrl\":\"https:\\\/\\\/www.proinca.es\\\/madridfansblog\\\/wp-content\\\/uploads\\\/2022\\\/03\\\/logo-proinca.jpg\",\"width\":522,\"height\":250,\"caption\":\"Proinca\"},\"image\":{\"@id\":\"https:\\\/\\\/www.proinca.es\\\/madridfansblog\\\/#\\\/schema\\\/logo\\\/image\\\/\"}},{\"@type\":\"Person\",\"@id\":\"https:\\\/\\\/www.proinca.es\\\/madridfansblog\\\/#\\\/schema\\\/person\\\/8401adc89c0a0f5a3574c43326247f1e\",\"name\":\"Ana Calero\",\"image\":{\"@type\":\"ImageObject\",\"inLanguage\":\"es\",\"@id\":\"https:\\\/\\\/www.proinca.es\\\/madridfansblog\\\/wp-content\\\/litespeed\\\/avatar\\\/ef51b25c0718910f475570320941ef46.jpg?ver=1777379772\",\"url\":\"https:\\\/\\\/www.proinca.es\\\/madridfansblog\\\/wp-content\\\/litespeed\\\/avatar\\\/ef51b25c0718910f475570320941ef46.jpg?ver=1777379772\",\"contentUrl\":\"https:\\\/\\\/www.proinca.es\\\/madridfansblog\\\/wp-content\\\/litespeed\\\/avatar\\\/ef51b25c0718910f475570320941ef46.jpg?ver=1777379772\",\"caption\":\"Ana Calero\"},\"description\":\"Licenciada en Ciencias Empresariales por la Universidad Aut\u00f3noma de Madrid. Forma parte del equipo de Apartamentos Proinca y es una enamorada de Madrid\",\"sameAs\":[\"https:\\\/\\\/www.proinca.es\\\/madridfansblog\\\/ana-calero\\\/\"]}]}<\/script>\n<!-- \/ Yoast SEO plugin. -->","yoast_head_json":{"title":"Nuevo restaurante y tienda CAF\u00c9 EL MAR y TIENDA ENBIOVERDE","description":"Un nuevo lugar en el barrio de Lavapi\u00e9s relajante y acogedor para degustar productos ecol\u00f3gicos y artesanos tambi\u00e9n de venta al p\u00fablico en la tienda enBioverde","robots":{"index":"index","follow":"follow","max-snippet":"max-snippet:-1","max-image-preview":"max-image-preview:large","max-video-preview":"max-video-preview:-1"},"canonical":"https:\/\/www.proinca.es\/madridfansblog\/el-encanto-del-cafe-el-mar-tiendita-enbioverde\/","og_locale":"es_ES","og_type":"article","og_title":"Nuevo restaurante y tienda CAF\u00c9 EL MAR y TIENDA ENBIOVERDE","og_description":"Un nuevo lugar en el barrio de Lavapi\u00e9s relajante y acogedor para degustar productos ecol\u00f3gicos y artesanos tambi\u00e9n de venta al p\u00fablico en la tienda enBioverde","og_url":"https:\/\/www.proinca.es\/madridfansblog\/el-encanto-del-cafe-el-mar-tiendita-enbioverde\/","og_site_name":"Blog Proinca Madrid","article_published_time":"2012-09-25T12:49:20+00:00","article_modified_time":"2025-05-28T11:38:09+00:00","og_image":[{"width":1000,"height":1500,"url":"https:\/\/www.proinca.es\/madridfansblog\/wp-content\/uploads\/2012\/09\/cafe-el-mar.jpg","type":"image\/jpeg"}],"author":"Ana Calero","schema":{"@context":"https:\/\/schema.org","@graph":[{"@type":"Article","@id":"https:\/\/www.proinca.es\/madridfansblog\/el-encanto-del-cafe-el-mar-tiendita-enbioverde\/#article","isPartOf":{"@id":"https:\/\/www.proinca.es\/madridfansblog\/el-encanto-del-cafe-el-mar-tiendita-enbioverde\/"},"author":{"name":"Ana Calero","@id":"https:\/\/www.proinca.es\/madridfansblog\/#\/schema\/person\/8401adc89c0a0f5a3574c43326247f1e"},"headline":"EL ENCANTO DEL CAF\u00c9 EL MAR + TIENDITA ENBIOVERDE","datePublished":"2012-09-25T12:49:20+00:00","dateModified":"2025-05-28T11:38:09+00:00","mainEntityOfPage":{"@id":"https:\/\/www.proinca.es\/madridfansblog\/el-encanto-del-cafe-el-mar-tiendita-enbioverde\/"},"wordCount":179,"publisher":{"@id":"https:\/\/www.proinca.es\/madridfansblog\/#organization"},"image":{"@id":"https:\/\/www.proinca.es\/madridfansblog\/el-encanto-del-cafe-el-mar-tiendita-enbioverde\/#primaryimage"},"thumbnailUrl":"https:\/\/www.proinca.es\/madridfansblog\/wp-content\/uploads\/2012\/09\/cafe-el-mar.jpg","keywords":["Afterwork","Ecolog\u00eda","Gastronom\u00eda","Madrid","Medio Ambiente","Restaurantes"],"articleSection":["VIVIR MADRID"],"inLanguage":"es"},{"@type":"WebPage","@id":"https:\/\/www.proinca.es\/madridfansblog\/el-encanto-del-cafe-el-mar-tiendita-enbioverde\/","url":"https:\/\/www.proinca.es\/madridfansblog\/el-encanto-del-cafe-el-mar-tiendita-enbioverde\/","name":"Nuevo restaurante y tienda CAF\u00c9 EL MAR y TIENDA ENBIOVERDE","isPartOf":{"@id":"https:\/\/www.proinca.es\/madridfansblog\/#website"},"primaryImageOfPage":{"@id":"https:\/\/www.proinca.es\/madridfansblog\/el-encanto-del-cafe-el-mar-tiendita-enbioverde\/#primaryimage"},"image":{"@id":"https:\/\/www.proinca.es\/madridfansblog\/el-encanto-del-cafe-el-mar-tiendita-enbioverde\/#primaryimage"},"thumbnailUrl":"https:\/\/www.proinca.es\/madridfansblog\/wp-content\/uploads\/2012\/09\/cafe-el-mar.jpg","datePublished":"2012-09-25T12:49:20+00:00","dateModified":"2025-05-28T11:38:09+00:00","description":"Un nuevo lugar en el barrio de Lavapi\u00e9s relajante y acogedor para degustar productos ecol\u00f3gicos y artesanos tambi\u00e9n de venta al p\u00fablico en la tienda enBioverde","inLanguage":"es","potentialAction":[{"@type":"ReadAction","target":["https:\/\/www.proinca.es\/madridfansblog\/el-encanto-del-cafe-el-mar-tiendita-enbioverde\/"]}]},{"@type":"ImageObject","inLanguage":"es","@id":"https:\/\/www.proinca.es\/madridfansblog\/el-encanto-del-cafe-el-mar-tiendita-enbioverde\/#primaryimage","url":"https:\/\/www.proinca.es\/madridfansblog\/wp-content\/uploads\/2012\/09\/cafe-el-mar.jpg","contentUrl":"https:\/\/www.proinca.es\/madridfansblog\/wp-content\/uploads\/2012\/09\/cafe-el-mar.jpg","width":1000,"height":1500,"caption":"El encanto del caf\u00e9 el mar + tiendita Enbioverde"},{"@type":"WebSite","@id":"https:\/\/www.proinca.es\/madridfansblog\/#website","url":"https:\/\/www.proinca.es\/madridfansblog\/","name":"Madrid Fans Blog Proinca","description":"Pisos y apartamentos de alquiler en Madrid","publisher":{"@id":"https:\/\/www.proinca.es\/madridfansblog\/#organization"},"potentialAction":[{"@type":"SearchAction","target":{"@type":"EntryPoint","urlTemplate":"https:\/\/www.proinca.es\/madridfansblog\/?s={search_term_string}"},"query-input":{"@type":"PropertyValueSpecification","valueRequired":true,"valueName":"search_term_string"}}],"inLanguage":"es"},{"@type":"Organization","@id":"https:\/\/www.proinca.es\/madridfansblog\/#organization","name":"Proinca","url":"https:\/\/www.proinca.es\/madridfansblog\/","logo":{"@type":"ImageObject","inLanguage":"es","@id":"https:\/\/www.proinca.es\/madridfansblog\/#\/schema\/logo\/image\/","url":"https:\/\/www.proinca.es\/madridfansblog\/wp-content\/uploads\/2022\/03\/logo-proinca.jpg","contentUrl":"https:\/\/www.proinca.es\/madridfansblog\/wp-content\/uploads\/2022\/03\/logo-proinca.jpg","width":522,"height":250,"caption":"Proinca"},"image":{"@id":"https:\/\/www.proinca.es\/madridfansblog\/#\/schema\/logo\/image\/"}},{"@type":"Person","@id":"https:\/\/www.proinca.es\/madridfansblog\/#\/schema\/person\/8401adc89c0a0f5a3574c43326247f1e","name":"Ana Calero","image":{"@type":"ImageObject","inLanguage":"es","@id":"https:\/\/www.proinca.es\/madridfansblog\/wp-content\/litespeed\/avatar\/ef51b25c0718910f475570320941ef46.jpg?ver=1777379772","url":"https:\/\/www.proinca.es\/madridfansblog\/wp-content\/litespeed\/avatar\/ef51b25c0718910f475570320941ef46.jpg?ver=1777379772","contentUrl":"https:\/\/www.proinca.es\/madridfansblog\/wp-content\/litespeed\/avatar\/ef51b25c0718910f475570320941ef46.jpg?ver=1777379772","caption":"Ana Calero"},"description":"Licenciada en Ciencias Empresariales por la Universidad Aut\u00f3noma de Madrid. Forma parte del equipo de Apartamentos Proinca y es una enamorada de Madrid","sameAs":["https:\/\/www.proinca.es\/madridfansblog\/ana-calero\/"]}]}},"_links":{"self":[{"href":"https:\/\/www.proinca.es\/madridfansblog\/wp-json\/wp\/v2\/posts\/727","targetHints":{"allow":["GET"]}}],"collection":[{"href":"https:\/\/www.proinca.es\/madridfansblog\/wp-json\/wp\/v2\/posts"}],"about":[{"href":"https:\/\/www.proinca.es\/madridfansblog\/wp-json\/wp\/v2\/types\/post"}],"author":[{"embeddable":true,"href":"https:\/\/www.proinca.es\/madridfansblog\/wp-json\/wp\/v2\/users\/4"}],"replies":[{"embeddable":true,"href":"https:\/\/www.proinca.es\/madridfansblog\/wp-json\/wp\/v2\/comments?post=727"}],"version-history":[{"count":19,"href":"https:\/\/www.proinca.es\/madridfansblog\/wp-json\/wp\/v2\/posts\/727\/revisions"}],"predecessor-version":[{"id":7709,"href":"https:\/\/www.proinca.es\/madridfansblog\/wp-json\/wp\/v2\/posts\/727\/revisions\/7709"}],"wp:featuredmedia":[{"embeddable":true,"href":"https:\/\/www.proinca.es\/madridfansblog\/wp-json\/wp\/v2\/media\/7420"}],"wp:attachment":[{"href":"https:\/\/www.proinca.es\/madridfansblog\/wp-json\/wp\/v2\/media?parent=727"}],"wp:term":[{"taxonomy":"category","embeddable":true,"href":"https:\/\/www.proinca.es\/madridfansblog\/wp-json\/wp\/v2\/categories?post=727"},{"taxonomy":"post_tag","embeddable":true,"href":"https:\/\/www.proinca.es\/madridfansblog\/wp-json\/wp\/v2\/tags?post=727"}],"curies":[{"name":"wp","href":"https:\/\/api.w.org\/{rel}","templated":true}]}}