{"id":749,"date":"2012-10-03T10:00:54","date_gmt":"2012-10-03T08:00:54","guid":{"rendered":"http:\/\/www.proinca.es\/madridfansblog\/?p=749"},"modified":"2025-05-28T15:35:42","modified_gmt":"2025-05-28T13:35:42","slug":"por-fin-bicis-y-triciclos-del-s-xxi","status":"publish","type":"post","link":"https:\/\/www.proinca.es\/madridfansblog\/por-fin-bicis-y-triciclos-del-s-xxi\/","title":{"rendered":"\u00a1POR FIN!&#8230;BICIS Y TRICICLOS DEL S.XXI"},"content":{"rendered":"<p>Hoy quiero hablar de Madrid como un lugar de oportunidades para todos aquellos que vienen a vivir aqu\u00ed con inquietudes emprendedoras.<\/p>\n<p>Como ejemplo, me he fijado en una joven empresa que me ha sorprendido por sus iniciativas innovadoras, sin dejar de ser \u00fatiles y sencillas.\u00a0Esta empresa es \u201c<strong>Keelwit<\/strong> <em>Robust &amp; Dreamlike Technology<\/em>\u201d, creada por dos j\u00f3venes emprendedores, <!--more-->fruto de la prestigiada Escuela de Ingenieros del ICAI, que por cierto fue tambi\u00e9n la base de partida hace ya bastantes a\u00f1os para mi vida profesional.<\/p>\n<p>Ellos son <strong>Isaac Prada<\/strong> y <strong>Jos\u00e9 M\u00aa Cancer<\/strong>, con premios extraordinarios en el ICAI como estudiantes y tambi\u00e9n como emprendedores, o adem\u00e1s el a\u00f1o pasado 2011 de la Asociaci\u00f3n de J\u00f3venes Emprendedores de la Fundaci\u00f3n REPSOL.<\/p>\n<p>Dos iniciativas recientes de estos emprendedores se han posicionado en el \u00e1mbito de la automoci\u00f3n y, como no pod\u00eda ser de otra forma, en los veh\u00edculos el\u00e9ctricos.<\/p>\n<p><strong>Por fin, \u00bfbicicletas el\u00e9ctricas en Espa\u00f1a?<\/strong><\/p>\n<p>Efectivamente, KeelWit Technology ha dise\u00f1ado, desarrollado y fabricado tres nuevos modelos de <em>\u201cPedelec\u201d<\/em> o bicicleta de pedaleo asistido para la marca de bicicletas el\u00e9ctricas <em>Yamimoto<\/em>.<\/p>\n<p>Los tres modelos han sido dise\u00f1ados, dimensionados y sus pre-series creadas, con el apoyo del CTAG (Centro Tecnol\u00f3gico de Automoci\u00f3n de Galicia), en un tiempo record de tan s\u00f3lo 5 meses para poder presentarlos en <strong>Eurobike<\/strong>, la mayor feria europea de la bicicleta, orientada a profesionales del sector, celebrada en Friedrichshafen, meca del mundo de la bicicleta y punto de reuni\u00f3n anual de los principales fabricantes mundiales.<\/p>\n<p>La cr\u00edtica especializada alab\u00f3 el acierto de KeelWit al traer al mundo de la bicicleta tecnolog\u00edas y funcionalidades propias del mundo de los autom\u00f3viles de \u00faltima generaci\u00f3n.<\/p>\n<p><strong>El triciclo \u201c\u00faltima milla\u201d<\/strong><\/p>\n<p>Recientemente, KeelWit Technology ha presentado en la Feria Internacional de Log\u00edstica (SIL), celebrada en Barcelona, el triciclo el\u00e9ctrico para distribuci\u00f3n sostenible <em>\u201cde \u00faltima milla\u201d<\/em> desarrollado para la empresa VIENENBICI.<\/p>\n<p>Se trata de una familia de triciclos de asistencia el\u00e9ctrica al pedaleo para uso en centros urbanos con el objetivo de abordar la distribuci\u00f3n <em>\u201cde \u00faltima milla\u201d<\/em> de manera sostenible.<\/p>\n<p>Para el desarrollo de la primera versi\u00f3n, orientada a empresas de mensajer\u00eda\/paqueter\u00eda, KeelWit ha cooperado con UNO (Organizaci\u00f3n de Log\u00edstica y Transporte), e+e Proyectos y Eficiencia Energ\u00e9tica y CITET (Centro de Innovaci\u00f3n para la Log\u00edstica y el Transporte por carretera), liderando un equipo de trabajo que ha definido el cuaderno de cargas que se le exigir\u00eda al \u201ctriciclo ideal\u201d.<\/p>\n<p>Impulsado por bater\u00edas el\u00e9ctricas, el triciclo incorpora importantes innovaciones en prestaciones y equipamiento en base a los requerimientos expresados por los responsables de explotaci\u00f3n de las 6 empresas de paqueter\u00eda participantes en el proyecto.<\/p>\n<p><strong><em>Antonio Mozas<\/em><\/strong><\/p>\n<p>Foto de JavyGo en Unsplash<\/p>\n\n\n<div class=\"kk-star-ratings kksr-auto kksr-align-left kksr-valign-bottom\"\n    data-payload='{&quot;align&quot;:&quot;left&quot;,&quot;id&quot;:&quot;749&quot;,&quot;slug&quot;:&quot;default&quot;,&quot;valign&quot;:&quot;bottom&quot;,&quot;ignore&quot;:&quot;&quot;,&quot;reference&quot;:&quot;auto&quot;,&quot;class&quot;:&quot;&quot;,&quot;count&quot;:&quot;0&quot;,&quot;legendonly&quot;:&quot;&quot;,&quot;readonly&quot;:&quot;&quot;,&quot;score&quot;:&quot;0&quot;,&quot;starsonly&quot;:&quot;&quot;,&quot;best&quot;:&quot;5&quot;,&quot;gap&quot;:&quot;1&quot;,&quot;greet&quot;:&quot;Valora este art\u00edculo&quot;,&quot;legend&quot;:&quot;0\\\/5 - (0 votos)&quot;,&quot;size&quot;:&quot;24&quot;,&quot;title&quot;:&quot;\u00a1POR FIN!...BICIS Y TRICICLOS DEL S.XXI&quot;,&quot;width&quot;:&quot;0&quot;,&quot;_legend&quot;:&quot;{score}\\\/{best} - ({count} {votes})&quot;,&quot;font_factor&quot;:&quot;1.25&quot;}'>\n            \n<div class=\"kksr-stars\">\n    \n<div class=\"kksr-stars-inactive\">\n            <div class=\"kksr-star\" data-star=\"1\" style=\"padding-right: 1px\">\n            \n\n<div class=\"kksr-icon\" style=\"width: 24px; height: 24px;\"><\/div>\n        <\/div>\n            <div class=\"kksr-star\" data-star=\"2\" style=\"padding-right: 1px\">\n            \n\n<div class=\"kksr-icon\" style=\"width: 24px; height: 24px;\"><\/div>\n        <\/div>\n            <div class=\"kksr-star\" data-star=\"3\" style=\"padding-right: 1px\">\n            \n\n<div class=\"kksr-icon\" style=\"width: 24px; height: 24px;\"><\/div>\n        <\/div>\n            <div class=\"kksr-star\" data-star=\"4\" style=\"padding-right: 1px\">\n            \n\n<div class=\"kksr-icon\" style=\"width: 24px; height: 24px;\"><\/div>\n        <\/div>\n            <div class=\"kksr-star\" data-star=\"5\" style=\"padding-right: 1px\">\n            \n\n<div class=\"kksr-icon\" style=\"width: 24px; height: 24px;\"><\/div>\n        <\/div>\n    <\/div>\n    \n<div class=\"kksr-stars-active\" style=\"width: 0px;\">\n            <div class=\"kksr-star\" style=\"padding-right: 1px\">\n            \n\n<div class=\"kksr-icon\" style=\"width: 24px; height: 24px;\"><\/div>\n        <\/div>\n            <div class=\"kksr-star\" style=\"padding-right: 1px\">\n            \n\n<div class=\"kksr-icon\" style=\"width: 24px; height: 24px;\"><\/div>\n        <\/div>\n            <div class=\"kksr-star\" style=\"padding-right: 1px\">\n            \n\n<div class=\"kksr-icon\" style=\"width: 24px; height: 24px;\"><\/div>\n        <\/div>\n            <div class=\"kksr-star\" style=\"padding-right: 1px\">\n            \n\n<div class=\"kksr-icon\" style=\"width: 24px; height: 24px;\"><\/div>\n        <\/div>\n            <div class=\"kksr-star\" style=\"padding-right: 1px\">\n            \n\n<div class=\"kksr-icon\" style=\"width: 24px; height: 24px;\"><\/div>\n        <\/div>\n    <\/div>\n<\/div>\n                \n\n<div class=\"kksr-legend\" style=\"font-size: 19.2px;\">\n            <span class=\"kksr-muted\">Valora este art\u00edculo<\/span>\n    <\/div>\n    <\/div>\n","protected":false},"excerpt":{"rendered":"<p>Hoy quiero hablar de Madrid como un lugar de oportunidades  [&#8230;]<\/p>\n","protected":false},"author":4,"featured_media":7422,"comment_status":"closed","ping_status":"closed","sticky":false,"template":"","format":"standard","meta":{"footnotes":""},"categories":[79],"tags":[36,5,42,20,41],"class_list":["post-749","post","type-post","status-publish","format-standard","has-post-thumbnail","hentry","category-vivir-madrid","tag-afterwork","tag-madrid","tag-medio-ambiente","tag-ocio","tag-transporte"],"yoast_head":"<!-- This site is optimized with the Yoast SEO plugin v27.4 - https:\/\/yoast.com\/product\/yoast-seo-wordpress\/ -->\n<title>Bicicletas y triciclos el\u00e9ctricos<\/title>\n<meta name=\"description\" content=\"Bicicletas el\u00e9ctricas que incorporan tecnolog\u00edas de los autom\u00f3viles de \u00faltima generaci\u00f3n y triciclos el\u00e9ctricos para una distribuci\u00f3n sostenible (mensajer\u00eda y paqueter\u00eda)\" \/>\n<meta name=\"robots\" content=\"index, follow, max-snippet:-1, max-image-preview:large, max-video-preview:-1\" \/>\n<link rel=\"canonical\" href=\"https:\/\/www.proinca.es\/madridfansblog\/por-fin-bicis-y-triciclos-del-s-xxi\/\" \/>\n<meta property=\"og:locale\" content=\"es_ES\" \/>\n<meta property=\"og:type\" content=\"article\" \/>\n<meta property=\"og:title\" content=\"Bicicletas y triciclos el\u00e9ctricos\" \/>\n<meta property=\"og:description\" content=\"Bicicletas el\u00e9ctricas que incorporan tecnolog\u00edas de los autom\u00f3viles de \u00faltima generaci\u00f3n y triciclos el\u00e9ctricos para una distribuci\u00f3n sostenible (mensajer\u00eda y paqueter\u00eda)\" \/>\n<meta property=\"og:url\" content=\"https:\/\/www.proinca.es\/madridfansblog\/por-fin-bicis-y-triciclos-del-s-xxi\/\" \/>\n<meta property=\"og:site_name\" content=\"Blog Proinca Madrid\" \/>\n<meta property=\"article:published_time\" content=\"2012-10-03T08:00:54+00:00\" \/>\n<meta property=\"article:modified_time\" content=\"2025-05-28T13:35:42+00:00\" \/>\n<meta property=\"og:image\" content=\"https:\/\/www.proinca.es\/madridfansblog\/wp-content\/uploads\/2012\/10\/bici-electrica.jpg\" \/>\n\t<meta property=\"og:image:width\" content=\"1000\" \/>\n\t<meta property=\"og:image:height\" content=\"1000\" \/>\n\t<meta property=\"og:image:type\" content=\"image\/jpeg\" \/>\n<meta name=\"author\" content=\"Ana Calero\" \/>\n<script type=\"application\/ld+json\" class=\"yoast-schema-graph\">{\"@context\":\"https:\\\/\\\/schema.org\",\"@graph\":[{\"@type\":\"Article\",\"@id\":\"https:\\\/\\\/www.proinca.es\\\/madridfansblog\\\/por-fin-bicis-y-triciclos-del-s-xxi\\\/#article\",\"isPartOf\":{\"@id\":\"https:\\\/\\\/www.proinca.es\\\/madridfansblog\\\/por-fin-bicis-y-triciclos-del-s-xxi\\\/\"},\"author\":{\"name\":\"Ana Calero\",\"@id\":\"https:\\\/\\\/www.proinca.es\\\/madridfansblog\\\/#\\\/schema\\\/person\\\/8401adc89c0a0f5a3574c43326247f1e\"},\"headline\":\"\u00a1POR FIN!&#8230;BICIS Y TRICICLOS DEL S.XXI\",\"datePublished\":\"2012-10-03T08:00:54+00:00\",\"dateModified\":\"2025-05-28T13:35:42+00:00\",\"mainEntityOfPage\":{\"@id\":\"https:\\\/\\\/www.proinca.es\\\/madridfansblog\\\/por-fin-bicis-y-triciclos-del-s-xxi\\\/\"},\"wordCount\":486,\"publisher\":{\"@id\":\"https:\\\/\\\/www.proinca.es\\\/madridfansblog\\\/#organization\"},\"image\":{\"@id\":\"https:\\\/\\\/www.proinca.es\\\/madridfansblog\\\/por-fin-bicis-y-triciclos-del-s-xxi\\\/#primaryimage\"},\"thumbnailUrl\":\"https:\\\/\\\/www.proinca.es\\\/madridfansblog\\\/wp-content\\\/uploads\\\/2012\\\/10\\\/bici-electrica.jpg\",\"keywords\":[\"Afterwork\",\"Madrid\",\"Medio Ambiente\",\"Ocio\",\"Transporte\"],\"articleSection\":[\"VIVIR MADRID\"],\"inLanguage\":\"es\"},{\"@type\":\"WebPage\",\"@id\":\"https:\\\/\\\/www.proinca.es\\\/madridfansblog\\\/por-fin-bicis-y-triciclos-del-s-xxi\\\/\",\"url\":\"https:\\\/\\\/www.proinca.es\\\/madridfansblog\\\/por-fin-bicis-y-triciclos-del-s-xxi\\\/\",\"name\":\"Bicicletas y triciclos el\u00e9ctricos\",\"isPartOf\":{\"@id\":\"https:\\\/\\\/www.proinca.es\\\/madridfansblog\\\/#website\"},\"primaryImageOfPage\":{\"@id\":\"https:\\\/\\\/www.proinca.es\\\/madridfansblog\\\/por-fin-bicis-y-triciclos-del-s-xxi\\\/#primaryimage\"},\"image\":{\"@id\":\"https:\\\/\\\/www.proinca.es\\\/madridfansblog\\\/por-fin-bicis-y-triciclos-del-s-xxi\\\/#primaryimage\"},\"thumbnailUrl\":\"https:\\\/\\\/www.proinca.es\\\/madridfansblog\\\/wp-content\\\/uploads\\\/2012\\\/10\\\/bici-electrica.jpg\",\"datePublished\":\"2012-10-03T08:00:54+00:00\",\"dateModified\":\"2025-05-28T13:35:42+00:00\",\"description\":\"Bicicletas el\u00e9ctricas que incorporan tecnolog\u00edas de los autom\u00f3viles de \u00faltima generaci\u00f3n y triciclos el\u00e9ctricos para una distribuci\u00f3n sostenible (mensajer\u00eda y paqueter\u00eda)\",\"inLanguage\":\"es\",\"potentialAction\":[{\"@type\":\"ReadAction\",\"target\":[\"https:\\\/\\\/www.proinca.es\\\/madridfansblog\\\/por-fin-bicis-y-triciclos-del-s-xxi\\\/\"]}]},{\"@type\":\"ImageObject\",\"inLanguage\":\"es\",\"@id\":\"https:\\\/\\\/www.proinca.es\\\/madridfansblog\\\/por-fin-bicis-y-triciclos-del-s-xxi\\\/#primaryimage\",\"url\":\"https:\\\/\\\/www.proinca.es\\\/madridfansblog\\\/wp-content\\\/uploads\\\/2012\\\/10\\\/bici-electrica.jpg\",\"contentUrl\":\"https:\\\/\\\/www.proinca.es\\\/madridfansblog\\\/wp-content\\\/uploads\\\/2012\\\/10\\\/bici-electrica.jpg\",\"width\":1000,\"height\":1000,\"caption\":\"\u00a1Por fin!\u2026bicis y triciclos del s.XXI\"},{\"@type\":\"WebSite\",\"@id\":\"https:\\\/\\\/www.proinca.es\\\/madridfansblog\\\/#website\",\"url\":\"https:\\\/\\\/www.proinca.es\\\/madridfansblog\\\/\",\"name\":\"Madrid Fans Blog Proinca\",\"description\":\"Pisos y apartamentos de alquiler en Madrid\",\"publisher\":{\"@id\":\"https:\\\/\\\/www.proinca.es\\\/madridfansblog\\\/#organization\"},\"potentialAction\":[{\"@type\":\"SearchAction\",\"target\":{\"@type\":\"EntryPoint\",\"urlTemplate\":\"https:\\\/\\\/www.proinca.es\\\/madridfansblog\\\/?s={search_term_string}\"},\"query-input\":{\"@type\":\"PropertyValueSpecification\",\"valueRequired\":true,\"valueName\":\"search_term_string\"}}],\"inLanguage\":\"es\"},{\"@type\":\"Organization\",\"@id\":\"https:\\\/\\\/www.proinca.es\\\/madridfansblog\\\/#organization\",\"name\":\"Proinca\",\"url\":\"https:\\\/\\\/www.proinca.es\\\/madridfansblog\\\/\",\"logo\":{\"@type\":\"ImageObject\",\"inLanguage\":\"es\",\"@id\":\"https:\\\/\\\/www.proinca.es\\\/madridfansblog\\\/#\\\/schema\\\/logo\\\/image\\\/\",\"url\":\"https:\\\/\\\/www.proinca.es\\\/madridfansblog\\\/wp-content\\\/uploads\\\/2022\\\/03\\\/logo-proinca.jpg\",\"contentUrl\":\"https:\\\/\\\/www.proinca.es\\\/madridfansblog\\\/wp-content\\\/uploads\\\/2022\\\/03\\\/logo-proinca.jpg\",\"width\":522,\"height\":250,\"caption\":\"Proinca\"},\"image\":{\"@id\":\"https:\\\/\\\/www.proinca.es\\\/madridfansblog\\\/#\\\/schema\\\/logo\\\/image\\\/\"}},{\"@type\":\"Person\",\"@id\":\"https:\\\/\\\/www.proinca.es\\\/madridfansblog\\\/#\\\/schema\\\/person\\\/8401adc89c0a0f5a3574c43326247f1e\",\"name\":\"Ana Calero\",\"image\":{\"@type\":\"ImageObject\",\"inLanguage\":\"es\",\"@id\":\"https:\\\/\\\/www.proinca.es\\\/madridfansblog\\\/wp-content\\\/litespeed\\\/avatar\\\/ef51b25c0718910f475570320941ef46.jpg?ver=1777379772\",\"url\":\"https:\\\/\\\/www.proinca.es\\\/madridfansblog\\\/wp-content\\\/litespeed\\\/avatar\\\/ef51b25c0718910f475570320941ef46.jpg?ver=1777379772\",\"contentUrl\":\"https:\\\/\\\/www.proinca.es\\\/madridfansblog\\\/wp-content\\\/litespeed\\\/avatar\\\/ef51b25c0718910f475570320941ef46.jpg?ver=1777379772\",\"caption\":\"Ana Calero\"},\"description\":\"Licenciada en Ciencias Empresariales por la Universidad Aut\u00f3noma de Madrid. Forma parte del equipo de Apartamentos Proinca y es una enamorada de Madrid\",\"sameAs\":[\"https:\\\/\\\/www.proinca.es\\\/madridfansblog\\\/ana-calero\\\/\"]}]}<\/script>\n<!-- \/ Yoast SEO plugin. -->","yoast_head_json":{"title":"Bicicletas y triciclos el\u00e9ctricos","description":"Bicicletas el\u00e9ctricas que incorporan tecnolog\u00edas de los autom\u00f3viles de \u00faltima generaci\u00f3n y triciclos el\u00e9ctricos para una distribuci\u00f3n sostenible (mensajer\u00eda y paqueter\u00eda)","robots":{"index":"index","follow":"follow","max-snippet":"max-snippet:-1","max-image-preview":"max-image-preview:large","max-video-preview":"max-video-preview:-1"},"canonical":"https:\/\/www.proinca.es\/madridfansblog\/por-fin-bicis-y-triciclos-del-s-xxi\/","og_locale":"es_ES","og_type":"article","og_title":"Bicicletas y triciclos el\u00e9ctricos","og_description":"Bicicletas el\u00e9ctricas que incorporan tecnolog\u00edas de los autom\u00f3viles de \u00faltima generaci\u00f3n y triciclos el\u00e9ctricos para una distribuci\u00f3n sostenible (mensajer\u00eda y paqueter\u00eda)","og_url":"https:\/\/www.proinca.es\/madridfansblog\/por-fin-bicis-y-triciclos-del-s-xxi\/","og_site_name":"Blog Proinca Madrid","article_published_time":"2012-10-03T08:00:54+00:00","article_modified_time":"2025-05-28T13:35:42+00:00","og_image":[{"width":1000,"height":1000,"url":"https:\/\/www.proinca.es\/madridfansblog\/wp-content\/uploads\/2012\/10\/bici-electrica.jpg","type":"image\/jpeg"}],"author":"Ana Calero","schema":{"@context":"https:\/\/schema.org","@graph":[{"@type":"Article","@id":"https:\/\/www.proinca.es\/madridfansblog\/por-fin-bicis-y-triciclos-del-s-xxi\/#article","isPartOf":{"@id":"https:\/\/www.proinca.es\/madridfansblog\/por-fin-bicis-y-triciclos-del-s-xxi\/"},"author":{"name":"Ana Calero","@id":"https:\/\/www.proinca.es\/madridfansblog\/#\/schema\/person\/8401adc89c0a0f5a3574c43326247f1e"},"headline":"\u00a1POR FIN!&#8230;BICIS Y TRICICLOS DEL S.XXI","datePublished":"2012-10-03T08:00:54+00:00","dateModified":"2025-05-28T13:35:42+00:00","mainEntityOfPage":{"@id":"https:\/\/www.proinca.es\/madridfansblog\/por-fin-bicis-y-triciclos-del-s-xxi\/"},"wordCount":486,"publisher":{"@id":"https:\/\/www.proinca.es\/madridfansblog\/#organization"},"image":{"@id":"https:\/\/www.proinca.es\/madridfansblog\/por-fin-bicis-y-triciclos-del-s-xxi\/#primaryimage"},"thumbnailUrl":"https:\/\/www.proinca.es\/madridfansblog\/wp-content\/uploads\/2012\/10\/bici-electrica.jpg","keywords":["Afterwork","Madrid","Medio Ambiente","Ocio","Transporte"],"articleSection":["VIVIR MADRID"],"inLanguage":"es"},{"@type":"WebPage","@id":"https:\/\/www.proinca.es\/madridfansblog\/por-fin-bicis-y-triciclos-del-s-xxi\/","url":"https:\/\/www.proinca.es\/madridfansblog\/por-fin-bicis-y-triciclos-del-s-xxi\/","name":"Bicicletas y triciclos el\u00e9ctricos","isPartOf":{"@id":"https:\/\/www.proinca.es\/madridfansblog\/#website"},"primaryImageOfPage":{"@id":"https:\/\/www.proinca.es\/madridfansblog\/por-fin-bicis-y-triciclos-del-s-xxi\/#primaryimage"},"image":{"@id":"https:\/\/www.proinca.es\/madridfansblog\/por-fin-bicis-y-triciclos-del-s-xxi\/#primaryimage"},"thumbnailUrl":"https:\/\/www.proinca.es\/madridfansblog\/wp-content\/uploads\/2012\/10\/bici-electrica.jpg","datePublished":"2012-10-03T08:00:54+00:00","dateModified":"2025-05-28T13:35:42+00:00","description":"Bicicletas el\u00e9ctricas que incorporan tecnolog\u00edas de los autom\u00f3viles de \u00faltima generaci\u00f3n y triciclos el\u00e9ctricos para una distribuci\u00f3n sostenible (mensajer\u00eda y paqueter\u00eda)","inLanguage":"es","potentialAction":[{"@type":"ReadAction","target":["https:\/\/www.proinca.es\/madridfansblog\/por-fin-bicis-y-triciclos-del-s-xxi\/"]}]},{"@type":"ImageObject","inLanguage":"es","@id":"https:\/\/www.proinca.es\/madridfansblog\/por-fin-bicis-y-triciclos-del-s-xxi\/#primaryimage","url":"https:\/\/www.proinca.es\/madridfansblog\/wp-content\/uploads\/2012\/10\/bici-electrica.jpg","contentUrl":"https:\/\/www.proinca.es\/madridfansblog\/wp-content\/uploads\/2012\/10\/bici-electrica.jpg","width":1000,"height":1000,"caption":"\u00a1Por fin!\u2026bicis y triciclos del s.XXI"},{"@type":"WebSite","@id":"https:\/\/www.proinca.es\/madridfansblog\/#website","url":"https:\/\/www.proinca.es\/madridfansblog\/","name":"Madrid Fans Blog Proinca","description":"Pisos y apartamentos de alquiler en Madrid","publisher":{"@id":"https:\/\/www.proinca.es\/madridfansblog\/#organization"},"potentialAction":[{"@type":"SearchAction","target":{"@type":"EntryPoint","urlTemplate":"https:\/\/www.proinca.es\/madridfansblog\/?s={search_term_string}"},"query-input":{"@type":"PropertyValueSpecification","valueRequired":true,"valueName":"search_term_string"}}],"inLanguage":"es"},{"@type":"Organization","@id":"https:\/\/www.proinca.es\/madridfansblog\/#organization","name":"Proinca","url":"https:\/\/www.proinca.es\/madridfansblog\/","logo":{"@type":"ImageObject","inLanguage":"es","@id":"https:\/\/www.proinca.es\/madridfansblog\/#\/schema\/logo\/image\/","url":"https:\/\/www.proinca.es\/madridfansblog\/wp-content\/uploads\/2022\/03\/logo-proinca.jpg","contentUrl":"https:\/\/www.proinca.es\/madridfansblog\/wp-content\/uploads\/2022\/03\/logo-proinca.jpg","width":522,"height":250,"caption":"Proinca"},"image":{"@id":"https:\/\/www.proinca.es\/madridfansblog\/#\/schema\/logo\/image\/"}},{"@type":"Person","@id":"https:\/\/www.proinca.es\/madridfansblog\/#\/schema\/person\/8401adc89c0a0f5a3574c43326247f1e","name":"Ana Calero","image":{"@type":"ImageObject","inLanguage":"es","@id":"https:\/\/www.proinca.es\/madridfansblog\/wp-content\/litespeed\/avatar\/ef51b25c0718910f475570320941ef46.jpg?ver=1777379772","url":"https:\/\/www.proinca.es\/madridfansblog\/wp-content\/litespeed\/avatar\/ef51b25c0718910f475570320941ef46.jpg?ver=1777379772","contentUrl":"https:\/\/www.proinca.es\/madridfansblog\/wp-content\/litespeed\/avatar\/ef51b25c0718910f475570320941ef46.jpg?ver=1777379772","caption":"Ana Calero"},"description":"Licenciada en Ciencias Empresariales por la Universidad Aut\u00f3noma de Madrid. Forma parte del equipo de Apartamentos Proinca y es una enamorada de Madrid","sameAs":["https:\/\/www.proinca.es\/madridfansblog\/ana-calero\/"]}]}},"_links":{"self":[{"href":"https:\/\/www.proinca.es\/madridfansblog\/wp-json\/wp\/v2\/posts\/749","targetHints":{"allow":["GET"]}}],"collection":[{"href":"https:\/\/www.proinca.es\/madridfansblog\/wp-json\/wp\/v2\/posts"}],"about":[{"href":"https:\/\/www.proinca.es\/madridfansblog\/wp-json\/wp\/v2\/types\/post"}],"author":[{"embeddable":true,"href":"https:\/\/www.proinca.es\/madridfansblog\/wp-json\/wp\/v2\/users\/4"}],"replies":[{"embeddable":true,"href":"https:\/\/www.proinca.es\/madridfansblog\/wp-json\/wp\/v2\/comments?post=749"}],"version-history":[{"count":14,"href":"https:\/\/www.proinca.es\/madridfansblog\/wp-json\/wp\/v2\/posts\/749\/revisions"}],"predecessor-version":[{"id":7708,"href":"https:\/\/www.proinca.es\/madridfansblog\/wp-json\/wp\/v2\/posts\/749\/revisions\/7708"}],"wp:featuredmedia":[{"embeddable":true,"href":"https:\/\/www.proinca.es\/madridfansblog\/wp-json\/wp\/v2\/media\/7422"}],"wp:attachment":[{"href":"https:\/\/www.proinca.es\/madridfansblog\/wp-json\/wp\/v2\/media?parent=749"}],"wp:term":[{"taxonomy":"category","embeddable":true,"href":"https:\/\/www.proinca.es\/madridfansblog\/wp-json\/wp\/v2\/categories?post=749"},{"taxonomy":"post_tag","embeddable":true,"href":"https:\/\/www.proinca.es\/madridfansblog\/wp-json\/wp\/v2\/tags?post=749"}],"curies":[{"name":"wp","href":"https:\/\/api.w.org\/{rel}","templated":true}]}}