{"id":776,"date":"2012-10-17T13:13:52","date_gmt":"2012-10-17T11:13:52","guid":{"rendered":"http:\/\/www.proinca.es\/madridfansblog\/?p=776"},"modified":"2025-05-28T15:35:51","modified_gmt":"2025-05-28T13:35:51","slug":"cuanto-cuesta-vivir-en-madrid","status":"publish","type":"post","link":"https:\/\/www.proinca.es\/madridfansblog\/cuanto-cuesta-vivir-en-madrid\/","title":{"rendered":"\u00bfCU\u00c1NTO CUESTA VIVIR EN MADRID?"},"content":{"rendered":"<p>Entre 800 y 900 euros mensuales pueden ser suficientes para aterrizar c\u00f3modamente en Madrid, sin tener que pagar como peaje grandes privaciones. El c\u00e1lculo desmitifica al monstruo, pero no mentimos. Vivir en la capital no cuesta tanto como la mayor\u00eda cree, Madrid no es m\u00e1s cara que otras ciudades espa\u00f1olas y es posible encajar en ella sin grandes ejercicios de contorsionismo.<!--more--><\/p>\n<p>Primero de todo: en la capital no necesitas coche y tampoco tendr\u00e1s que pagar ni gasolina ni seguro ni plaza de garaje, vamos, miles de euros. El <strong>metro de Madrid<\/strong> est\u00e1 considerado de los m\u00e1s r\u00e1pidos y modernos de Europa, y pueda resultar incluso econ\u00f3mico si piensas que llega a todos los sitios y que puedes usarlo tantas veces como quieras durante todo el mes. El abono va por zonas y seg\u00fan donde vivas te puede costar entre unos 50 y 70 euros (si eres familia numerosa, un 20% menos). La envergadura de la capital exige coger todos los d\u00edas el metro o el bus y asumir este pago; lo \u00fanico que puede librarte de ello y suavizar tu econom\u00eda es que la universidad o el trabajo te queden lo suficientemente pr\u00f3ximas como para ir andando o en bicicleta.<\/p>\n<p>En cuanto a la vivienda, la alta demanda hace que el mercado del alquiler en Madrid no haya experimentado las bajadas exponenciales del precio de compraventa. Pero por menos de 600\u20ac puedes encontrar <strong>\u00a0apartamentos y estudios de alquiler\u00a0\u00a0<\/strong>en una de las mejores zonas de Madrid como el barrio de <strong>Azca<\/strong>, c\u00e9ntrico, bien comunicado y con todos los servicios que puedas necesitar.<\/p>\n<p>Respecto a la cesta de la compra, no es verdad que resulte m\u00e1s cara en Madrid que en el resto de Espa\u00f1a. Es posible que sea cierto si recurres a mercados locales (algunos de moda, como el renovado mercado de San Ant\u00f3n de Chueca), donde hay que tener en cuenta la calidad del producto. Pero los grandes supermercados homogene\u00edzan en todo el territorio sus precios. Considerando como media unos 50 euros a la semana\/persona, llenar la nevera te saldr\u00e1 por unos 200 euros al mes.<\/p>\n<p>M\u00e1s datos: el <strong>ocio de Madrid <\/strong>es sin duda excepcional, salir a comer, ir al cine o al teatro tampoco es m\u00e1s caro que en el resto de la pen\u00ednsula y al haber m\u00e1s variedad, encontramos propuestas que se ajustan a todos los precios, incluso gratuitas, como las exposiciones que mensualmente nos ofrecen centros como L<strong>a Tabacalera, La Casa Encendida, El Matadero o CaixaForum Madrid.<\/strong><\/p>\n<p>Los men\u00fas del d\u00eda en pleno centro est\u00e1n alrededor de los 10\/15 euros, pero a\u00fan encontramos restaurantes con buenos platos caseros por 8 y 9 euros; el cine est\u00e1 en unos 7 u 8, sin contar las proyecciones gratuitas de museos y centros culturales, y las entradas al teatro en unos 25 euros (merece la pena estar atentos a la taquilla \u00faltimo minuto, pues los descuentos son diarios). Calculando que vayamos al cine dos d\u00edas o al teatro uno, y que salgamos a comer una vez cada fin de semana, podemos hablar de unos 100 euros mensuales en gastos de ocio. \u00bfMe queda algo para ropa? Posiblemente, aunque poco, algo tienes, e incluso puedes destinarlo a vestirte de marca a buen precio. En los tres centros \u201cFactory\u201d de Madrid tienes a tu disposici\u00f3n las principales marcas de moda con descuentos de hasta el 70% durante todo el a\u00f1o.<\/p>\n<p>Y con la \u00faltima subidita del IVA&#8230; habr\u00e1 que administrarse incluso mejor!<\/p>\n\n\n<div class=\"kk-star-ratings kksr-auto kksr-align-left kksr-valign-bottom\"\n    data-payload='{&quot;align&quot;:&quot;left&quot;,&quot;id&quot;:&quot;776&quot;,&quot;slug&quot;:&quot;default&quot;,&quot;valign&quot;:&quot;bottom&quot;,&quot;ignore&quot;:&quot;&quot;,&quot;reference&quot;:&quot;auto&quot;,&quot;class&quot;:&quot;&quot;,&quot;count&quot;:&quot;0&quot;,&quot;legendonly&quot;:&quot;&quot;,&quot;readonly&quot;:&quot;&quot;,&quot;score&quot;:&quot;0&quot;,&quot;starsonly&quot;:&quot;&quot;,&quot;best&quot;:&quot;5&quot;,&quot;gap&quot;:&quot;1&quot;,&quot;greet&quot;:&quot;Valora este art\u00edculo&quot;,&quot;legend&quot;:&quot;0\\\/5 - (0 votos)&quot;,&quot;size&quot;:&quot;24&quot;,&quot;title&quot;:&quot;\u00bfCU\u00c1NTO CUESTA VIVIR EN MADRID?&quot;,&quot;width&quot;:&quot;0&quot;,&quot;_legend&quot;:&quot;{score}\\\/{best} - ({count} {votes})&quot;,&quot;font_factor&quot;:&quot;1.25&quot;}'>\n            \n<div class=\"kksr-stars\">\n    \n<div class=\"kksr-stars-inactive\">\n            <div class=\"kksr-star\" data-star=\"1\" style=\"padding-right: 1px\">\n            \n\n<div class=\"kksr-icon\" style=\"width: 24px; height: 24px;\"><\/div>\n        <\/div>\n            <div class=\"kksr-star\" data-star=\"2\" style=\"padding-right: 1px\">\n            \n\n<div class=\"kksr-icon\" style=\"width: 24px; height: 24px;\"><\/div>\n        <\/div>\n            <div class=\"kksr-star\" data-star=\"3\" style=\"padding-right: 1px\">\n            \n\n<div class=\"kksr-icon\" style=\"width: 24px; height: 24px;\"><\/div>\n        <\/div>\n            <div class=\"kksr-star\" data-star=\"4\" style=\"padding-right: 1px\">\n            \n\n<div class=\"kksr-icon\" style=\"width: 24px; height: 24px;\"><\/div>\n        <\/div>\n            <div class=\"kksr-star\" data-star=\"5\" style=\"padding-right: 1px\">\n            \n\n<div class=\"kksr-icon\" style=\"width: 24px; height: 24px;\"><\/div>\n        <\/div>\n    <\/div>\n    \n<div class=\"kksr-stars-active\" style=\"width: 0px;\">\n            <div class=\"kksr-star\" style=\"padding-right: 1px\">\n            \n\n<div class=\"kksr-icon\" style=\"width: 24px; height: 24px;\"><\/div>\n        <\/div>\n            <div class=\"kksr-star\" style=\"padding-right: 1px\">\n            \n\n<div class=\"kksr-icon\" style=\"width: 24px; height: 24px;\"><\/div>\n        <\/div>\n            <div class=\"kksr-star\" style=\"padding-right: 1px\">\n            \n\n<div class=\"kksr-icon\" style=\"width: 24px; height: 24px;\"><\/div>\n        <\/div>\n            <div class=\"kksr-star\" style=\"padding-right: 1px\">\n            \n\n<div class=\"kksr-icon\" style=\"width: 24px; height: 24px;\"><\/div>\n        <\/div>\n            <div class=\"kksr-star\" style=\"padding-right: 1px\">\n            \n\n<div class=\"kksr-icon\" style=\"width: 24px; height: 24px;\"><\/div>\n        <\/div>\n    <\/div>\n<\/div>\n                \n\n<div class=\"kksr-legend\" style=\"font-size: 19.2px;\">\n            <span class=\"kksr-muted\">Valora este art\u00edculo<\/span>\n    <\/div>\n    <\/div>\n","protected":false},"excerpt":{"rendered":"<p>Entre 800 y 900 euros mensuales pueden ser suficientes para  [&#8230;]<\/p>\n","protected":false},"author":4,"featured_media":783,"comment_status":"closed","ping_status":"closed","sticky":false,"template":"","format":"standard","meta":{"footnotes":""},"categories":[79],"tags":[],"class_list":["post-776","post","type-post","status-publish","format-standard","has-post-thumbnail","hentry","category-vivir-madrid"],"yoast_head":"<!-- This site is optimized with the Yoast SEO plugin v27.4 - https:\/\/yoast.com\/product\/yoast-seo-wordpress\/ -->\n<title>\u00bfCu\u00e1nto cuesta vivir en Madrid? an\u00e1lisis de los principales costes<\/title>\n<meta name=\"description\" content=\"An\u00e1lisis del coste de la vivienda, la cesta de la compra, el transporte etc... para saber cu\u00e1nto dinero cuesta vivir en Madrid.\" \/>\n<meta name=\"robots\" content=\"index, follow, max-snippet:-1, max-image-preview:large, max-video-preview:-1\" \/>\n<link rel=\"canonical\" href=\"https:\/\/www.proinca.es\/madridfansblog\/cuanto-cuesta-vivir-en-madrid\/\" \/>\n<meta property=\"og:locale\" content=\"es_ES\" \/>\n<meta property=\"og:type\" content=\"article\" \/>\n<meta property=\"og:title\" content=\"\u00bfCu\u00e1nto cuesta vivir en Madrid? an\u00e1lisis de los principales costes\" \/>\n<meta property=\"og:description\" content=\"An\u00e1lisis del coste de la vivienda, la cesta de la compra, el transporte etc... para saber cu\u00e1nto dinero cuesta vivir en Madrid.\" \/>\n<meta property=\"og:url\" content=\"https:\/\/www.proinca.es\/madridfansblog\/cuanto-cuesta-vivir-en-madrid\/\" \/>\n<meta property=\"og:site_name\" content=\"Blog Proinca Madrid\" \/>\n<meta property=\"article:published_time\" content=\"2012-10-17T11:13:52+00:00\" \/>\n<meta property=\"article:modified_time\" content=\"2025-05-28T13:35:51+00:00\" \/>\n<meta property=\"og:image\" content=\"https:\/\/www.proinca.es\/madridfansblog\/wp-content\/uploads\/2012\/10\/proinca-eurito.jpg\" \/>\n\t<meta property=\"og:image:width\" content=\"675\" \/>\n\t<meta property=\"og:image:height\" content=\"390\" \/>\n\t<meta property=\"og:image:type\" content=\"image\/jpeg\" \/>\n<meta name=\"author\" content=\"Ana Calero\" \/>\n<script type=\"application\/ld+json\" class=\"yoast-schema-graph\">{\"@context\":\"https:\\\/\\\/schema.org\",\"@graph\":[{\"@type\":\"Article\",\"@id\":\"https:\\\/\\\/www.proinca.es\\\/madridfansblog\\\/cuanto-cuesta-vivir-en-madrid\\\/#article\",\"isPartOf\":{\"@id\":\"https:\\\/\\\/www.proinca.es\\\/madridfansblog\\\/cuanto-cuesta-vivir-en-madrid\\\/\"},\"author\":{\"name\":\"Ana Calero\",\"@id\":\"https:\\\/\\\/www.proinca.es\\\/madridfansblog\\\/#\\\/schema\\\/person\\\/8401adc89c0a0f5a3574c43326247f1e\"},\"headline\":\"\u00bfCU\u00c1NTO CUESTA VIVIR EN MADRID?\",\"datePublished\":\"2012-10-17T11:13:52+00:00\",\"dateModified\":\"2025-05-28T13:35:51+00:00\",\"mainEntityOfPage\":{\"@id\":\"https:\\\/\\\/www.proinca.es\\\/madridfansblog\\\/cuanto-cuesta-vivir-en-madrid\\\/\"},\"wordCount\":592,\"publisher\":{\"@id\":\"https:\\\/\\\/www.proinca.es\\\/madridfansblog\\\/#organization\"},\"image\":{\"@id\":\"https:\\\/\\\/www.proinca.es\\\/madridfansblog\\\/cuanto-cuesta-vivir-en-madrid\\\/#primaryimage\"},\"thumbnailUrl\":\"https:\\\/\\\/www.proinca.es\\\/madridfansblog\\\/wp-content\\\/uploads\\\/2012\\\/10\\\/proinca-eurito.jpg\",\"articleSection\":[\"VIVIR MADRID\"],\"inLanguage\":\"es\"},{\"@type\":\"WebPage\",\"@id\":\"https:\\\/\\\/www.proinca.es\\\/madridfansblog\\\/cuanto-cuesta-vivir-en-madrid\\\/\",\"url\":\"https:\\\/\\\/www.proinca.es\\\/madridfansblog\\\/cuanto-cuesta-vivir-en-madrid\\\/\",\"name\":\"\u00bfCu\u00e1nto cuesta vivir en Madrid? an\u00e1lisis de los principales costes\",\"isPartOf\":{\"@id\":\"https:\\\/\\\/www.proinca.es\\\/madridfansblog\\\/#website\"},\"primaryImageOfPage\":{\"@id\":\"https:\\\/\\\/www.proinca.es\\\/madridfansblog\\\/cuanto-cuesta-vivir-en-madrid\\\/#primaryimage\"},\"image\":{\"@id\":\"https:\\\/\\\/www.proinca.es\\\/madridfansblog\\\/cuanto-cuesta-vivir-en-madrid\\\/#primaryimage\"},\"thumbnailUrl\":\"https:\\\/\\\/www.proinca.es\\\/madridfansblog\\\/wp-content\\\/uploads\\\/2012\\\/10\\\/proinca-eurito.jpg\",\"datePublished\":\"2012-10-17T11:13:52+00:00\",\"dateModified\":\"2025-05-28T13:35:51+00:00\",\"description\":\"An\u00e1lisis del coste de la vivienda, la cesta de la compra, el transporte etc... para saber cu\u00e1nto dinero cuesta vivir en Madrid.\",\"inLanguage\":\"es\",\"potentialAction\":[{\"@type\":\"ReadAction\",\"target\":[\"https:\\\/\\\/www.proinca.es\\\/madridfansblog\\\/cuanto-cuesta-vivir-en-madrid\\\/\"]}]},{\"@type\":\"ImageObject\",\"inLanguage\":\"es\",\"@id\":\"https:\\\/\\\/www.proinca.es\\\/madridfansblog\\\/cuanto-cuesta-vivir-en-madrid\\\/#primaryimage\",\"url\":\"https:\\\/\\\/www.proinca.es\\\/madridfansblog\\\/wp-content\\\/uploads\\\/2012\\\/10\\\/proinca-eurito.jpg\",\"contentUrl\":\"https:\\\/\\\/www.proinca.es\\\/madridfansblog\\\/wp-content\\\/uploads\\\/2012\\\/10\\\/proinca-eurito.jpg\",\"width\":\"675\",\"height\":\"390\"},{\"@type\":\"WebSite\",\"@id\":\"https:\\\/\\\/www.proinca.es\\\/madridfansblog\\\/#website\",\"url\":\"https:\\\/\\\/www.proinca.es\\\/madridfansblog\\\/\",\"name\":\"Madrid Fans Blog Proinca\",\"description\":\"Pisos y apartamentos de alquiler en Madrid\",\"publisher\":{\"@id\":\"https:\\\/\\\/www.proinca.es\\\/madridfansblog\\\/#organization\"},\"potentialAction\":[{\"@type\":\"SearchAction\",\"target\":{\"@type\":\"EntryPoint\",\"urlTemplate\":\"https:\\\/\\\/www.proinca.es\\\/madridfansblog\\\/?s={search_term_string}\"},\"query-input\":{\"@type\":\"PropertyValueSpecification\",\"valueRequired\":true,\"valueName\":\"search_term_string\"}}],\"inLanguage\":\"es\"},{\"@type\":\"Organization\",\"@id\":\"https:\\\/\\\/www.proinca.es\\\/madridfansblog\\\/#organization\",\"name\":\"Proinca\",\"url\":\"https:\\\/\\\/www.proinca.es\\\/madridfansblog\\\/\",\"logo\":{\"@type\":\"ImageObject\",\"inLanguage\":\"es\",\"@id\":\"https:\\\/\\\/www.proinca.es\\\/madridfansblog\\\/#\\\/schema\\\/logo\\\/image\\\/\",\"url\":\"https:\\\/\\\/www.proinca.es\\\/madridfansblog\\\/wp-content\\\/uploads\\\/2022\\\/03\\\/logo-proinca.jpg\",\"contentUrl\":\"https:\\\/\\\/www.proinca.es\\\/madridfansblog\\\/wp-content\\\/uploads\\\/2022\\\/03\\\/logo-proinca.jpg\",\"width\":522,\"height\":250,\"caption\":\"Proinca\"},\"image\":{\"@id\":\"https:\\\/\\\/www.proinca.es\\\/madridfansblog\\\/#\\\/schema\\\/logo\\\/image\\\/\"}},{\"@type\":\"Person\",\"@id\":\"https:\\\/\\\/www.proinca.es\\\/madridfansblog\\\/#\\\/schema\\\/person\\\/8401adc89c0a0f5a3574c43326247f1e\",\"name\":\"Ana Calero\",\"image\":{\"@type\":\"ImageObject\",\"inLanguage\":\"es\",\"@id\":\"https:\\\/\\\/www.proinca.es\\\/madridfansblog\\\/wp-content\\\/litespeed\\\/avatar\\\/ef51b25c0718910f475570320941ef46.jpg?ver=1777379772\",\"url\":\"https:\\\/\\\/www.proinca.es\\\/madridfansblog\\\/wp-content\\\/litespeed\\\/avatar\\\/ef51b25c0718910f475570320941ef46.jpg?ver=1777379772\",\"contentUrl\":\"https:\\\/\\\/www.proinca.es\\\/madridfansblog\\\/wp-content\\\/litespeed\\\/avatar\\\/ef51b25c0718910f475570320941ef46.jpg?ver=1777379772\",\"caption\":\"Ana Calero\"},\"description\":\"Licenciada en Ciencias Empresariales por la Universidad Aut\u00f3noma de Madrid. Forma parte del equipo de Apartamentos Proinca y es una enamorada de Madrid\",\"sameAs\":[\"https:\\\/\\\/www.proinca.es\\\/madridfansblog\\\/ana-calero\\\/\"]}]}<\/script>\n<!-- \/ Yoast SEO plugin. -->","yoast_head_json":{"title":"\u00bfCu\u00e1nto cuesta vivir en Madrid? an\u00e1lisis de los principales costes","description":"An\u00e1lisis del coste de la vivienda, la cesta de la compra, el transporte etc... para saber cu\u00e1nto dinero cuesta vivir en Madrid.","robots":{"index":"index","follow":"follow","max-snippet":"max-snippet:-1","max-image-preview":"max-image-preview:large","max-video-preview":"max-video-preview:-1"},"canonical":"https:\/\/www.proinca.es\/madridfansblog\/cuanto-cuesta-vivir-en-madrid\/","og_locale":"es_ES","og_type":"article","og_title":"\u00bfCu\u00e1nto cuesta vivir en Madrid? an\u00e1lisis de los principales costes","og_description":"An\u00e1lisis del coste de la vivienda, la cesta de la compra, el transporte etc... para saber cu\u00e1nto dinero cuesta vivir en Madrid.","og_url":"https:\/\/www.proinca.es\/madridfansblog\/cuanto-cuesta-vivir-en-madrid\/","og_site_name":"Blog Proinca Madrid","article_published_time":"2012-10-17T11:13:52+00:00","article_modified_time":"2025-05-28T13:35:51+00:00","og_image":[{"width":675,"height":390,"url":"https:\/\/www.proinca.es\/madridfansblog\/wp-content\/uploads\/2012\/10\/proinca-eurito.jpg","type":"image\/jpeg"}],"author":"Ana Calero","schema":{"@context":"https:\/\/schema.org","@graph":[{"@type":"Article","@id":"https:\/\/www.proinca.es\/madridfansblog\/cuanto-cuesta-vivir-en-madrid\/#article","isPartOf":{"@id":"https:\/\/www.proinca.es\/madridfansblog\/cuanto-cuesta-vivir-en-madrid\/"},"author":{"name":"Ana Calero","@id":"https:\/\/www.proinca.es\/madridfansblog\/#\/schema\/person\/8401adc89c0a0f5a3574c43326247f1e"},"headline":"\u00bfCU\u00c1NTO CUESTA VIVIR EN MADRID?","datePublished":"2012-10-17T11:13:52+00:00","dateModified":"2025-05-28T13:35:51+00:00","mainEntityOfPage":{"@id":"https:\/\/www.proinca.es\/madridfansblog\/cuanto-cuesta-vivir-en-madrid\/"},"wordCount":592,"publisher":{"@id":"https:\/\/www.proinca.es\/madridfansblog\/#organization"},"image":{"@id":"https:\/\/www.proinca.es\/madridfansblog\/cuanto-cuesta-vivir-en-madrid\/#primaryimage"},"thumbnailUrl":"https:\/\/www.proinca.es\/madridfansblog\/wp-content\/uploads\/2012\/10\/proinca-eurito.jpg","articleSection":["VIVIR MADRID"],"inLanguage":"es"},{"@type":"WebPage","@id":"https:\/\/www.proinca.es\/madridfansblog\/cuanto-cuesta-vivir-en-madrid\/","url":"https:\/\/www.proinca.es\/madridfansblog\/cuanto-cuesta-vivir-en-madrid\/","name":"\u00bfCu\u00e1nto cuesta vivir en Madrid? an\u00e1lisis de los principales costes","isPartOf":{"@id":"https:\/\/www.proinca.es\/madridfansblog\/#website"},"primaryImageOfPage":{"@id":"https:\/\/www.proinca.es\/madridfansblog\/cuanto-cuesta-vivir-en-madrid\/#primaryimage"},"image":{"@id":"https:\/\/www.proinca.es\/madridfansblog\/cuanto-cuesta-vivir-en-madrid\/#primaryimage"},"thumbnailUrl":"https:\/\/www.proinca.es\/madridfansblog\/wp-content\/uploads\/2012\/10\/proinca-eurito.jpg","datePublished":"2012-10-17T11:13:52+00:00","dateModified":"2025-05-28T13:35:51+00:00","description":"An\u00e1lisis del coste de la vivienda, la cesta de la compra, el transporte etc... para saber cu\u00e1nto dinero cuesta vivir en Madrid.","inLanguage":"es","potentialAction":[{"@type":"ReadAction","target":["https:\/\/www.proinca.es\/madridfansblog\/cuanto-cuesta-vivir-en-madrid\/"]}]},{"@type":"ImageObject","inLanguage":"es","@id":"https:\/\/www.proinca.es\/madridfansblog\/cuanto-cuesta-vivir-en-madrid\/#primaryimage","url":"https:\/\/www.proinca.es\/madridfansblog\/wp-content\/uploads\/2012\/10\/proinca-eurito.jpg","contentUrl":"https:\/\/www.proinca.es\/madridfansblog\/wp-content\/uploads\/2012\/10\/proinca-eurito.jpg","width":"675","height":"390"},{"@type":"WebSite","@id":"https:\/\/www.proinca.es\/madridfansblog\/#website","url":"https:\/\/www.proinca.es\/madridfansblog\/","name":"Madrid Fans Blog Proinca","description":"Pisos y apartamentos de alquiler en Madrid","publisher":{"@id":"https:\/\/www.proinca.es\/madridfansblog\/#organization"},"potentialAction":[{"@type":"SearchAction","target":{"@type":"EntryPoint","urlTemplate":"https:\/\/www.proinca.es\/madridfansblog\/?s={search_term_string}"},"query-input":{"@type":"PropertyValueSpecification","valueRequired":true,"valueName":"search_term_string"}}],"inLanguage":"es"},{"@type":"Organization","@id":"https:\/\/www.proinca.es\/madridfansblog\/#organization","name":"Proinca","url":"https:\/\/www.proinca.es\/madridfansblog\/","logo":{"@type":"ImageObject","inLanguage":"es","@id":"https:\/\/www.proinca.es\/madridfansblog\/#\/schema\/logo\/image\/","url":"https:\/\/www.proinca.es\/madridfansblog\/wp-content\/uploads\/2022\/03\/logo-proinca.jpg","contentUrl":"https:\/\/www.proinca.es\/madridfansblog\/wp-content\/uploads\/2022\/03\/logo-proinca.jpg","width":522,"height":250,"caption":"Proinca"},"image":{"@id":"https:\/\/www.proinca.es\/madridfansblog\/#\/schema\/logo\/image\/"}},{"@type":"Person","@id":"https:\/\/www.proinca.es\/madridfansblog\/#\/schema\/person\/8401adc89c0a0f5a3574c43326247f1e","name":"Ana Calero","image":{"@type":"ImageObject","inLanguage":"es","@id":"https:\/\/www.proinca.es\/madridfansblog\/wp-content\/litespeed\/avatar\/ef51b25c0718910f475570320941ef46.jpg?ver=1777379772","url":"https:\/\/www.proinca.es\/madridfansblog\/wp-content\/litespeed\/avatar\/ef51b25c0718910f475570320941ef46.jpg?ver=1777379772","contentUrl":"https:\/\/www.proinca.es\/madridfansblog\/wp-content\/litespeed\/avatar\/ef51b25c0718910f475570320941ef46.jpg?ver=1777379772","caption":"Ana Calero"},"description":"Licenciada en Ciencias Empresariales por la Universidad Aut\u00f3noma de Madrid. Forma parte del equipo de Apartamentos Proinca y es una enamorada de Madrid","sameAs":["https:\/\/www.proinca.es\/madridfansblog\/ana-calero\/"]}]}},"_links":{"self":[{"href":"https:\/\/www.proinca.es\/madridfansblog\/wp-json\/wp\/v2\/posts\/776","targetHints":{"allow":["GET"]}}],"collection":[{"href":"https:\/\/www.proinca.es\/madridfansblog\/wp-json\/wp\/v2\/posts"}],"about":[{"href":"https:\/\/www.proinca.es\/madridfansblog\/wp-json\/wp\/v2\/types\/post"}],"author":[{"embeddable":true,"href":"https:\/\/www.proinca.es\/madridfansblog\/wp-json\/wp\/v2\/users\/4"}],"replies":[{"embeddable":true,"href":"https:\/\/www.proinca.es\/madridfansblog\/wp-json\/wp\/v2\/comments?post=776"}],"version-history":[{"count":17,"href":"https:\/\/www.proinca.es\/madridfansblog\/wp-json\/wp\/v2\/posts\/776\/revisions"}],"predecessor-version":[{"id":7707,"href":"https:\/\/www.proinca.es\/madridfansblog\/wp-json\/wp\/v2\/posts\/776\/revisions\/7707"}],"wp:featuredmedia":[{"embeddable":true,"href":"https:\/\/www.proinca.es\/madridfansblog\/wp-json\/wp\/v2\/media\/783"}],"wp:attachment":[{"href":"https:\/\/www.proinca.es\/madridfansblog\/wp-json\/wp\/v2\/media?parent=776"}],"wp:term":[{"taxonomy":"category","embeddable":true,"href":"https:\/\/www.proinca.es\/madridfansblog\/wp-json\/wp\/v2\/categories?post=776"},{"taxonomy":"post_tag","embeddable":true,"href":"https:\/\/www.proinca.es\/madridfansblog\/wp-json\/wp\/v2\/tags?post=776"}],"curies":[{"name":"wp","href":"https:\/\/api.w.org\/{rel}","templated":true}]}}