{"id":8331,"date":"2025-09-23T10:54:44","date_gmt":"2025-09-23T08:54:44","guid":{"rendered":"https:\/\/www.proinca.es\/madridfansblog\/?p=8331"},"modified":"2025-12-22T11:32:14","modified_gmt":"2025-12-22T10:32:14","slug":"dificultad-alquilar-piso-madrid","status":"publish","type":"post","link":"https:\/\/www.proinca.es\/madridfansblog\/dificultad-alquilar-piso-madrid\/","title":{"rendered":"La odisea de alquilar un piso en Madrid: lo que no siempre se cuenta"},"content":{"rendered":"<p><div class=\"fusion-fullwidth fullwidth-box fusion-builder-row-1 fusion-flex-container nonhundred-percent-fullwidth non-hundred-percent-height-scrolling\" style=\"--awb-border-radius-top-left:0px;--awb-border-radius-top-right:0px;--awb-border-radius-bottom-right:0px;--awb-border-radius-bottom-left:0px;--awb-flex-wrap:wrap;\" ><div class=\"fusion-builder-row fusion-row fusion-flex-align-items-flex-start fusion-flex-content-wrap\" style=\"max-width:1206.4px;margin-left: calc(-4% \/ 2 );margin-right: calc(-4% \/ 2 );\"><div class=\"fusion-layout-column fusion_builder_column fusion-builder-column-0 fusion_builder_column_1_1 1_1 fusion-flex-column\" style=\"--awb-bg-size:cover;--awb-width-large:100%;--awb-margin-top-large:0px;--awb-spacing-right-large:1.92%;--awb-margin-bottom-large:0px;--awb-spacing-left-large:1.92%;--awb-width-medium:100%;--awb-spacing-right-medium:1.92%;--awb-spacing-left-medium:1.92%;--awb-width-small:100%;--awb-spacing-right-small:1.92%;--awb-spacing-left-small:1.92%;\"><div class=\"fusion-column-wrapper fusion-flex-justify-content-flex-start fusion-content-layout-column\"><div class=\"fusion-text fusion-text-1\"><p><strong>Introducci\u00f3n: cuando las solicitudes se desbordan<\/strong><\/p>\n<\/div><div class=\"fusion-text fusion-text-2\"><div>\n<p>En Madrid, conseguir un piso de alquiler decente se ha convertido en una aut\u00e9ntica carrera de fondo. La realidad es que hay poca oferta y much\u00edsima demanda, y eso se nota en el d\u00eda a d\u00eda.<\/p>\n<\/div>\n<div><\/div>\n<p><!--more--><\/p>\n<div>\n<div>\n<p>En Proinca lo vivimos con intensidad: en cuanto publicamos un piso, <b>las solicitudes llegan por cientos en cuesti\u00f3n de horas.<\/b> Nuestras l\u00edneas se saturan, los correos se multiplican y los equipos de gesti\u00f3n deben organizar con paciencia y rigor cada caso. Aunque usamos herramientas digitales y sistemas de IA para ordenar la avalancha, al final siempre hay un toque humano y personal que gu\u00eda las decisiones. Y, aun as\u00ed, sabemos que no podemos contentar a todos.<\/p>\n<\/div>\n<div>\n<p>Queremos que este art\u00edculo sirva como una explicaci\u00f3n sincera: no es falta de inter\u00e9s ni de atenci\u00f3n, sino que la demanda en Madrid supera con creces lo que podemos ofrecer.<\/p>\n<\/div>\n<\/div>\n<\/div><div class=\"fusion-separator fusion-full-width-sep\" style=\"align-self: center;margin-left: auto;margin-right: auto;margin-top:30px;width:100%;\"><div class=\"fusion-separator-border sep-double\" style=\"--awb-height:20px;--awb-amount:20px;border-color:var(--awb-color3);border-top-width:0px;border-bottom-width:0px;\"><\/div><\/div><\/div><\/div><\/div><\/div><div class=\"fusion-fullwidth fullwidth-box fusion-builder-row-2 fusion-flex-container has-pattern-background has-mask-background nonhundred-percent-fullwidth non-hundred-percent-height-scrolling\" style=\"--awb-border-radius-top-left:0px;--awb-border-radius-top-right:0px;--awb-border-radius-bottom-right:0px;--awb-border-radius-bottom-left:0px;--awb-flex-wrap:wrap;\" ><div class=\"fusion-builder-row fusion-row fusion-flex-align-items-flex-start fusion-flex-content-wrap\" style=\"max-width:1206.4px;margin-left: calc(-4% \/ 2 );margin-right: calc(-4% \/ 2 );\"><div class=\"fusion-layout-column fusion_builder_column fusion-builder-column-1 fusion_builder_column_1_1 1_1 fusion-flex-column\" style=\"--awb-bg-size:cover;--awb-width-large:100%;--awb-margin-top-large:0px;--awb-spacing-right-large:1.92%;--awb-margin-bottom-large:20px;--awb-spacing-left-large:1.92%;--awb-width-medium:100%;--awb-order-medium:0;--awb-spacing-right-medium:1.92%;--awb-spacing-left-medium:1.92%;--awb-width-small:100%;--awb-order-small:0;--awb-spacing-right-small:1.92%;--awb-spacing-left-small:1.92%;\"><div class=\"fusion-column-wrapper fusion-column-has-shadow fusion-flex-justify-content-flex-start fusion-content-layout-column\"><div class=\"fusion-separator fusion-full-width-sep\" style=\"align-self: center;margin-left: auto;margin-right: auto;margin-top:30px;width:100%;\"><div class=\"fusion-separator-border sep-double\" style=\"--awb-height:20px;--awb-amount:20px;border-color:var(--awb-color3);border-top-width:0px;border-bottom-width:0px;\"><\/div><\/div><div class=\"fusion-text fusion-text-3\"><h2>\u00bfPor qu\u00e9 es tan dif\u00edcil conseguir piso en la capital?<\/h2>\n<div>\n<div>\n<p>Lo primero que conviene se\u00f1alar es que <strong>nuestro stock es limitado<\/strong> y depende siempre de los plazos legales de salida de los inquilinos. <b>Un arrendatario debe avisar con un mes de antelaci\u00f3n, y ese margen es el \u00fanico con el que podemos trabajar<\/b>.<\/p>\n<\/div>\n<div>\n<p>A lo largo del tiempo probamos incluso a crear listas de espera. El problema es que no funcionaban: cuando llegaba el turno, muchos ya hab\u00edan encontrado otra vivienda o su situaci\u00f3n hab\u00eda cambiado. Al final, entendimos que lo m\u00e1s honesto es dar informaci\u00f3n real de disponibilidad con ese mes de antelaci\u00f3n.<\/p>\n<\/div>\n<div>\n<p>En este contexto, es normal que quienes buscan piso se frustren. Nosotros lo entendemos y tratamos de acompa\u00f1ar con transparencia: gestionamos solicitudes con seriedad, aplicamos criterios justos y comunicamos con claridad.<\/p>\n<\/div>\n<\/div>\n<\/div><div class=\"fusion-separator fusion-full-width-sep\" style=\"align-self: center;margin-left: auto;margin-right: auto;margin-top:30px;width:100%;\"><div class=\"fusion-separator-border sep-double\" style=\"--awb-height:20px;--awb-amount:20px;border-color:var(--awb-color3);border-top-width:0px;border-bottom-width:0px;\"><\/div><\/div><div class=\"fusion-text fusion-text-4\"><h2>El problema real de la vivienda en Madrid<\/h2>\n<div>\n<p>M\u00e1s all\u00e1 de nuestra experiencia diaria, hay un trasfondo estructural. En Madrid, una <b>parte significativa de los pisos de alquiler<\/b> <strong>no est\u00e1 a la altura de la renta que se pide<\/strong>. Muchos propietarios no invierten en mejoras, lo que genera un desequilibrio: precios altos y calidad cuestionable.<\/p>\n<\/div>\n<div><b>En <\/b><b><a href=\"https:\/\/www.proinca.es\/\" target=\"_new\"> <u>Proinca<\/u><\/a><\/b><b> trabajamos con un enfoque distinto<\/b>. Mantenemos nuestras viviendas en buen estado, bien acondicionadas y con una relaci\u00f3n calidad-precio dif\u00edcil de encontrar en la capital. Quiz\u00e1s por eso siempre mantenemos una ocupaci\u00f3n del 100%: la gente sabe que, cuando surge la oportunidad, conviene aprovecharla r\u00e1pido.<\/div>\n<\/div><div class=\"fusion-separator fusion-full-width-sep\" style=\"align-self: center;margin-left: auto;margin-right: auto;margin-top:30px;width:100%;\"><div class=\"fusion-separator-border sep-double\" style=\"--awb-height:20px;--awb-amount:20px;border-color:var(--awb-color3);border-top-width:0px;border-bottom-width:0px;\"><\/div><\/div><\/div><\/div><\/div><\/div><div class=\"fusion-fullwidth fullwidth-box fusion-builder-row-3 fusion-flex-container nonhundred-percent-fullwidth non-hundred-percent-height-scrolling\" style=\"--awb-border-radius-top-left:0px;--awb-border-radius-top-right:0px;--awb-border-radius-bottom-right:0px;--awb-border-radius-bottom-left:0px;--awb-flex-wrap:wrap;\" ><div class=\"fusion-builder-row fusion-row fusion-flex-align-items-flex-start fusion-flex-content-wrap\" style=\"max-width:1206.4px;margin-left: calc(-4% \/ 2 );margin-right: calc(-4% \/ 2 );\"><div class=\"fusion-layout-column fusion_builder_column fusion-builder-column-2 fusion_builder_column_1_1 1_1 fusion-flex-column\" style=\"--awb-bg-size:cover;--awb-width-large:100%;--awb-margin-top-large:0px;--awb-spacing-right-large:1.92%;--awb-margin-bottom-large:0px;--awb-spacing-left-large:1.92%;--awb-width-medium:100%;--awb-spacing-right-medium:1.92%;--awb-spacing-left-medium:1.92%;--awb-width-small:100%;--awb-spacing-right-small:1.92%;--awb-spacing-left-small:1.92%;\"><div class=\"fusion-column-wrapper fusion-flex-justify-content-flex-start fusion-content-layout-column\"><div class=\"fusion-image-element \" style=\"text-align:center;--awb-caption-title-font-family:var(--h2_typography-font-family);--awb-caption-title-font-weight:var(--h2_typography-font-weight);--awb-caption-title-font-style:var(--h2_typography-font-style);--awb-caption-title-size:var(--h2_typography-font-size);--awb-caption-title-transform:var(--h2_typography-text-transform);--awb-caption-title-line-height:var(--h2_typography-line-height);--awb-caption-title-letter-spacing:var(--h2_typography-letter-spacing);\"><span class=\" fusion-imageframe imageframe-none imageframe-1 hover-type-none\"><a class=\"fusion-no-lightbox\" href=\"https:\/\/www.proinca.es\/buscador-pisos\/tipo-0\/orden-tipo\/\" target=\"_self\" aria-label=\"si buscas piso para alquilar en madrid visita proinca.es\"><img decoding=\"async\" width=\"600\" height=\"600\" alt=\"si buscas piso para alquilar en madrid visita proinca.es\" src=\"https:\/\/www.proinca.es\/madridfansblog\/wp-content\/uploads\/2025\/07\/banner-proinca-alquiler-pisos.jpg\" class=\"img-responsive wp-image-8263\" srcset=\"https:\/\/www.proinca.es\/madridfansblog\/wp-content\/uploads\/2025\/07\/banner-proinca-alquiler-pisos-200x200.jpg 200w, https:\/\/www.proinca.es\/madridfansblog\/wp-content\/uploads\/2025\/07\/banner-proinca-alquiler-pisos-400x400.jpg 400w, https:\/\/www.proinca.es\/madridfansblog\/wp-content\/uploads\/2025\/07\/banner-proinca-alquiler-pisos.jpg 600w\" sizes=\"(max-width: 640px) 100vw, 600px\" \/><\/a><\/span><\/div><div class=\"fusion-separator fusion-full-width-sep\" style=\"align-self: center;margin-left: auto;margin-right: auto;margin-top:30px;width:100%;\"><div class=\"fusion-separator-border sep-double\" style=\"--awb-height:20px;--awb-amount:20px;border-color:var(--awb-color3);border-top-width:0px;border-bottom-width:0px;\"><\/div><\/div><div class=\"fusion-text fusion-text-5\"><h2>\u00bfEs tan caro alquilar en Madrid?<\/h2>\n<div>\n<p>La respuesta corta es s\u00ed. El alquiler en Madrid es elevado, aunque si comparamos con otras capitales europeas todav\u00eda no alcanza los niveles de Londres, Par\u00eds o \u00c1msterdam. Eso no quita que, para muchos, resulte un esfuerzo mensual muy alto.<\/p>\n<\/div>\n<div>\n<p>Adem\u00e1s, hay barrios donde el precio se dispara todav\u00eda m\u00e1s: zonas c\u00e9ntricas como Chamber\u00ed o Salamanca, o ejes de gran actividad como Azca, mantienen cifras que suben a\u00f1o tras a\u00f1o.<\/p>\n<\/div>\n<\/div><div class=\"fusion-separator fusion-full-width-sep\" style=\"align-self: center;margin-left: auto;margin-right: auto;margin-top:30px;width:100%;\"><div class=\"fusion-separator-border sep-double\" style=\"--awb-height:20px;--awb-amount:20px;border-color:var(--awb-color3);border-top-width:0px;border-bottom-width:0px;\"><\/div><\/div><div class=\"fusion-text fusion-text-6\"><h2>Precios y diferencias por barrios<\/h2>\n<p style=\"font-weight: 400;\">El mercado no es homog\u00e9neo. Dentro de Madrid conviven realidades muy distintas:<\/p>\n<ul style=\"font-weight: 400;\">\n<li><strong>Azca<\/strong>: \u00e1rea de negocios, con precios de referencia altos y una demanda constante de profesionales j\u00f3venes.<\/li>\n<li><strong>Moncloa<\/strong>: foco de estudiantes y universitarios, donde la rotaci\u00f3n es alta y la presi\u00f3n de la demanda se mantiene todo el a\u00f1o.<\/li>\n<li><strong>Tetu\u00e1n<\/strong>: tradicionalmente m\u00e1s asequible, pero en plena transformaci\u00f3n, con un aumento de precios en los \u00faltimos a\u00f1os.<\/li>\n<\/ul>\n<p><span style=\"font-weight: 400;\">Esto explica por qu\u00e9, incluso en los barrios considerados \u201calternativos\u201d, cada vez es m\u00e1s dif\u00edcil encontrar un alquiler ajustado.<\/span><\/p>\n<\/div><div class=\"fusion-image-element \" style=\"--awb-caption-title-font-family:var(--h2_typography-font-family);--awb-caption-title-font-weight:var(--h2_typography-font-weight);--awb-caption-title-font-style:var(--h2_typography-font-style);--awb-caption-title-size:var(--h2_typography-font-size);--awb-caption-title-transform:var(--h2_typography-text-transform);--awb-caption-title-line-height:var(--h2_typography-line-height);--awb-caption-title-letter-spacing:var(--h2_typography-letter-spacing);\"><span class=\" fusion-imageframe imageframe-none imageframe-2 hover-type-none\"><img decoding=\"async\" width=\"1838\" height=\"1034\" title=\"edificio-alquiler-madrid-moncloa\" src=\"https:\/\/www.proinca.es\/madridfansblog\/wp-content\/uploads\/2025\/09\/edificio-alquiler-madrid-moncloa.jpg\" alt class=\"img-responsive wp-image-8337\" srcset=\"https:\/\/www.proinca.es\/madridfansblog\/wp-content\/uploads\/2025\/09\/edificio-alquiler-madrid-moncloa-200x113.jpg 200w, https:\/\/www.proinca.es\/madridfansblog\/wp-content\/uploads\/2025\/09\/edificio-alquiler-madrid-moncloa-400x225.jpg 400w, https:\/\/www.proinca.es\/madridfansblog\/wp-content\/uploads\/2025\/09\/edificio-alquiler-madrid-moncloa-600x338.jpg 600w, https:\/\/www.proinca.es\/madridfansblog\/wp-content\/uploads\/2025\/09\/edificio-alquiler-madrid-moncloa-800x450.jpg 800w, https:\/\/www.proinca.es\/madridfansblog\/wp-content\/uploads\/2025\/09\/edificio-alquiler-madrid-moncloa-1200x675.jpg 1200w, https:\/\/www.proinca.es\/madridfansblog\/wp-content\/uploads\/2025\/09\/edificio-alquiler-madrid-moncloa.jpg 1838w\" sizes=\"(max-width: 640px) 100vw, 1200px\" \/><\/span><\/div><div class=\"fusion-separator fusion-full-width-sep\" style=\"align-self: center;margin-left: auto;margin-right: auto;margin-top:30px;width:100%;\"><div class=\"fusion-separator-border sep-double\" style=\"--awb-height:20px;--awb-amount:20px;border-color:var(--awb-color3);border-top-width:0px;border-bottom-width:0px;\"><\/div><\/div><\/div><\/div><\/div><\/div><div class=\"fusion-fullwidth fullwidth-box fusion-builder-row-4 fusion-flex-container nonhundred-percent-fullwidth non-hundred-percent-height-scrolling\" style=\"--awb-border-radius-top-left:0px;--awb-border-radius-top-right:0px;--awb-border-radius-bottom-right:0px;--awb-border-radius-bottom-left:0px;--awb-flex-wrap:wrap;\" ><div class=\"fusion-builder-row fusion-row fusion-flex-align-items-flex-start fusion-flex-content-wrap\" style=\"max-width:1206.4px;margin-left: calc(-4% \/ 2 );margin-right: calc(-4% \/ 2 );\"><div class=\"fusion-layout-column fusion_builder_column fusion-builder-column-3 fusion_builder_column_1_1 1_1 fusion-flex-column\" style=\"--awb-bg-size:cover;--awb-width-large:100%;--awb-margin-top-large:0px;--awb-spacing-right-large:1.92%;--awb-margin-bottom-large:0px;--awb-spacing-left-large:1.92%;--awb-width-medium:100%;--awb-spacing-right-medium:1.92%;--awb-spacing-left-medium:1.92%;--awb-width-small:100%;--awb-spacing-right-small:1.92%;--awb-spacing-left-small:1.92%;\"><div class=\"fusion-column-wrapper fusion-flex-justify-content-flex-start fusion-content-layout-column\"><div class=\"fusion-separator fusion-full-width-sep\" style=\"align-self: center;margin-left: auto;margin-right: auto;margin-top:30px;width:100%;\"><div class=\"fusion-separator-border sep-double\" style=\"--awb-height:20px;--awb-amount:20px;border-color:var(--awb-color3);border-top-width:0px;border-bottom-width:0px;\"><\/div><\/div><div class=\"fusion-text fusion-text-7\"><h2>\u00bfCu\u00e1ndo es m\u00e1s dif\u00edcil encontrar piso?<\/h2>\n<p style=\"font-weight: 400;\">Las \u00e9pocas de mayor demanda coinciden con los cambios de curso acad\u00e9mico y el inicio de nuevos proyectos laborales:<\/p>\n<ul style=\"font-weight: 400;\">\n<li><strong>Septiembre y octubre<\/strong>, cuando estudiantes y j\u00f3venes profesionales buscan vivienda.<\/li>\n<li><strong>Enero<\/strong>, con la llegada de traslados de trabajo tras las fiestas.<\/li>\n<li>Y tambi\u00e9n los meses previos al verano, en que muchas familias buscan mudanza antes de las vacaciones.<\/li>\n<\/ul>\n<p><span style=\"font-weight: 400;\">Quien busque en estos periodos deber\u00e1 armarse de paciencia y constancia.<\/span><\/p>\n<\/div><div class=\"fusion-separator fusion-full-width-sep\" style=\"align-self: center;margin-left: auto;margin-right: auto;margin-top:30px;width:100%;\"><div class=\"fusion-separator-border sep-double\" style=\"--awb-height:20px;--awb-amount:20px;border-color:var(--awb-color3);border-top-width:0px;border-bottom-width:0px;\"><\/div><\/div><div class=\"fusion-text fusion-text-8\"><h2>La ventaja de alquilar con Proinca<\/h2>\n<div>\n<p style=\"font-weight: 400;\">Entre tanta dificultad, queremos destacar una diferencia que para muchos resulta importante: en Proinca el inquilino <strong>no paga ning\u00fan tipo de comisi\u00f3n<\/strong>. El alquiler se gestiona directamente, con transparencia y sin gastos extra a\u00f1adidos. Puedes leer m\u00e1s en: <a href=\"https:\/\/www.proinca.es\/alquiler-sin-comision-de-agencia-en-madrid\"><u>alquiler sin comisi\u00f3n de agencia en Madrid<\/u><\/a>.<\/p>\n<p><span style=\"font-weight: 400;\">Adem\u00e1s, nuestra prioridad es mantener viviendas bien acondicionadas y ofrecer un servicio cercano a los inquilinos. Creemos que esto marca la diferencia en un mercado donde muchas veces la calidad brilla por su ausencia. Compru\u00e9balo en:<\/span><\/p>\n<ul>\n<li><a href=\"https:\/\/www.proinca.es\/alquiler-de-pisos-y-apartamentos-amueblados-en-Madrid\"><u>alquiler de pisos y apartamentos amueblados en Madrid.<\/u><\/a><\/li>\n<li><a href=\"https:\/\/www.proinca.es\/servicios-opcionales.php\"><u>servicios opcionales para mejorar la vida de nuestros inquilinos<\/u><\/a><\/li>\n<\/ul>\n<\/div>\n<\/div><div class=\"fusion-separator fusion-full-width-sep\" style=\"align-self: center;margin-left: auto;margin-right: auto;margin-top:30px;width:100%;\"><div class=\"fusion-separator-border sep-double\" style=\"--awb-height:20px;--awb-amount:20px;border-color:var(--awb-color3);border-top-width:0px;border-bottom-width:0px;\"><\/div><\/div><div class=\"fusion-image-element \" style=\"--awb-caption-title-font-family:var(--h2_typography-font-family);--awb-caption-title-font-weight:var(--h2_typography-font-weight);--awb-caption-title-font-style:var(--h2_typography-font-style);--awb-caption-title-size:var(--h2_typography-font-size);--awb-caption-title-transform:var(--h2_typography-text-transform);--awb-caption-title-line-height:var(--h2_typography-line-height);--awb-caption-title-letter-spacing:var(--h2_typography-letter-spacing);\"><span class=\" fusion-imageframe imageframe-none imageframe-3 hover-type-none\"><img decoding=\"async\" width=\"2560\" height=\"1440\" alt=\"interior de un piso en alquiler de Proinca en Madrid, bien acondicionado y luminoso.\" title=\"interior de un piso en alquiler de Proinca en Madrid, bien acondicionado y luminoso.\" src=\"https:\/\/www.proinca.es\/madridfansblog\/wp-content\/uploads\/2025\/09\/piso-alquiler-proinca-madrid-scaled.jpg\" class=\"img-responsive wp-image-8342\" srcset=\"https:\/\/www.proinca.es\/madridfansblog\/wp-content\/uploads\/2025\/09\/piso-alquiler-proinca-madrid-200x112.jpg 200w, https:\/\/www.proinca.es\/madridfansblog\/wp-content\/uploads\/2025\/09\/piso-alquiler-proinca-madrid-400x225.jpg 400w, https:\/\/www.proinca.es\/madridfansblog\/wp-content\/uploads\/2025\/09\/piso-alquiler-proinca-madrid-600x337.jpg 600w, https:\/\/www.proinca.es\/madridfansblog\/wp-content\/uploads\/2025\/09\/piso-alquiler-proinca-madrid-800x450.jpg 800w, https:\/\/www.proinca.es\/madridfansblog\/wp-content\/uploads\/2025\/09\/piso-alquiler-proinca-madrid-1200x675.jpg 1200w, https:\/\/www.proinca.es\/madridfansblog\/wp-content\/uploads\/2025\/09\/piso-alquiler-proinca-madrid-scaled.jpg 2560w\" sizes=\"(max-width: 640px) 100vw, 1200px\" \/><\/span><\/div><div class=\"fusion-separator fusion-full-width-sep\" style=\"align-self: center;margin-left: auto;margin-right: auto;margin-top:30px;width:100%;\"><div class=\"fusion-separator-border sep-double\" style=\"--awb-height:20px;--awb-amount:20px;border-color:var(--awb-color3);border-top-width:0px;border-bottom-width:0px;\"><\/div><\/div><div class=\"fusion-text fusion-text-9\"><h2>Preguntas frecuentes que suelen surgir<\/h2>\n<div>\n<p style=\"font-weight: 400;\"><strong>\u00bfCu\u00e1l es el alquiler m\u00e1s caro de Espa\u00f1a?<\/strong><br \/>\nTradicionalmente Madrid y Barcelona encabezan el ranking, aunque hay zonas concretas (como San Sebasti\u00e1n o Ibiza) donde los precios pueden ser incluso m\u00e1s elevados.<\/p>\n<p style=\"font-weight: 400;\"><strong>\u00bfPuedo desgravar el alquiler en Madrid?<\/strong><br \/>\nS\u00ed, existen deducciones auton\u00f3micas y estatales, pero dependen de la situaci\u00f3n personal de cada contribuyente. Analizar estas deducciones puede ayudar a calcular de manera m\u00e1s real la renta final que se paga.<\/p>\n<\/div>\n<\/div><script type=\"application\/ld+json\">{\"@context\":\"https:\/\/schema.org\",\"@type\":\"FAQPage\",\"mainEntity\":[{\"@type\":\"Question\",\"name\":\"\u00bfCu\u00e1l es el alquiler m\u00e1s caro de Espa\u00f1a?\",\"acceptedAnswer\":{\"@type\":\"Answer\",\"text\":\"Tradicionalmente Madrid y Barcelona encabezan el ranking, aunque hay zonas concretas (como San Sebasti\u00e1n o Ibiza) donde los precios pueden ser incluso m\u00e1s elevados.\"}},{\"@type\":\"Question\",\"name\":\"\u00bfPuedo desgravar el alquiler en Madrid?\",\"acceptedAnswer\":{\"@type\":\"Answer\",\"text\":\"S\u00ed, existen deducciones auton\u00f3micas y estatales, pero dependen de la situaci\u00f3n personal de cada contribuyente. Analizar estas deducciones puede ayudar a calcular de manera m\u00e1s real la renta final que se paga.\"}}]}<\/script><div class=\"fusion-separator fusion-full-width-sep\" style=\"align-self: center;margin-left: auto;margin-right: auto;margin-top:30px;width:100%;\"><div class=\"fusion-separator-border sep-double\" style=\"--awb-height:20px;--awb-amount:20px;border-color:var(--awb-color3);border-top-width:0px;border-bottom-width:0px;\"><\/div><\/div><\/div><\/div><\/div><\/div><div class=\"fusion-fullwidth fullwidth-box fusion-builder-row-5 fusion-flex-container has-pattern-background has-mask-background nonhundred-percent-fullwidth non-hundred-percent-height-scrolling\" style=\"--awb-border-radius-top-left:0px;--awb-border-radius-top-right:0px;--awb-border-radius-bottom-right:0px;--awb-border-radius-bottom-left:0px;--awb-padding-top:20px;--awb-padding-right:20px;--awb-padding-bottom:20px;--awb-padding-left:20px;--awb-background-color:var(--awb-color3);--awb-flex-wrap:wrap;\" ><div class=\"fusion-builder-row fusion-row fusion-flex-align-items-flex-start fusion-flex-content-wrap\" style=\"max-width:1206.4px;margin-left: calc(-4% \/ 2 );margin-right: calc(-4% \/ 2 );\"><div class=\"fusion-layout-column fusion_builder_column fusion-builder-column-4 fusion_builder_column_1_1 1_1 fusion-flex-column\" style=\"--awb-bg-size:cover;--awb-width-large:100%;--awb-margin-top-large:0px;--awb-spacing-right-large:1.92%;--awb-margin-bottom-large:20px;--awb-spacing-left-large:1.92%;--awb-width-medium:100%;--awb-order-medium:0;--awb-spacing-right-medium:1.92%;--awb-spacing-left-medium:1.92%;--awb-width-small:100%;--awb-order-small:0;--awb-spacing-right-small:1.92%;--awb-spacing-left-small:1.92%;\"><div class=\"fusion-column-wrapper fusion-column-has-shadow fusion-flex-justify-content-flex-start fusion-content-layout-column\"><div class=\"fusion-text fusion-text-10\"><h2>Conclusi\u00f3n: paciencia, constancia y confianza<\/h2>\n<div>\n<div>\n<p style=\"font-weight: 400;\">Alquilar en Madrid no es tarea f\u00e1cil, y en Proinca lo sabemos mejor que nadie. Nos encantar\u00eda poder atender todas las solicitudes, pero la realidad es que la oferta es limitada y la demanda inmensa.<\/p>\n<p style=\"font-weight: 400;\">Lo que s\u00ed podemos garantizar es <strong>seriedad, transparencia y calidad en cada piso<\/strong> que gestionamos. Por eso, si est\u00e1s buscando vivienda, te animamos a consultar tambi\u00e9n nuestro art\u00edculo sobre <a href=\"https:\/\/www.proinca.es\/madridfansblog\/alquiler-pisos-baratos-madrid\/\"><u>pisos baratos en Madrid<\/u><\/a> y a estar pendiente de las novedades en nuestro buscador.<\/p>\n<p style=\"font-weight: 400;\">Porque, aunque la odisea de alquilar en Madrid contin\u00faa, con constancia y un poco de suerte, siempre llega el momento de encontrar un hogar que encaje.<\/p>\n<p style=\"font-weight: 400;\">Medios m\u00e1s habituales para contactar con Proinca:<\/p>\n<ul>\n<li>Formulario que hay en la ficha de cada piso en nuestra web. Accede desde el <a href=\"https:\/\/www.proinca.es\/buscador-pisos\/tipo-0\/orden-tipo\/\"><u>buscador de pisos<\/u><\/a><\/li>\n<li>Tel <a href=\"tel:%20915%20719%20344\">(+34) 915 719 344<\/a> (Lunes a Viernes de 9h a 18h).<\/li>\n<li>info@proinca.es<\/li>\n<\/ul>\n<\/div>\n<div><\/div>\n<\/div>\n<div class=\"notranslate\" style=\"all: initial;\"><\/div>\n<\/div><\/div><\/div><\/div><\/div><\/p>\n\n\n<div class=\"kk-star-ratings kksr-auto kksr-align-left kksr-valign-bottom\"\n    data-payload='{&quot;align&quot;:&quot;left&quot;,&quot;id&quot;:&quot;8331&quot;,&quot;slug&quot;:&quot;default&quot;,&quot;valign&quot;:&quot;bottom&quot;,&quot;ignore&quot;:&quot;&quot;,&quot;reference&quot;:&quot;auto&quot;,&quot;class&quot;:&quot;&quot;,&quot;count&quot;:&quot;10&quot;,&quot;legendonly&quot;:&quot;&quot;,&quot;readonly&quot;:&quot;&quot;,&quot;score&quot;:&quot;5&quot;,&quot;starsonly&quot;:&quot;&quot;,&quot;best&quot;:&quot;5&quot;,&quot;gap&quot;:&quot;1&quot;,&quot;greet&quot;:&quot;Valora este art\u00edculo&quot;,&quot;legend&quot;:&quot;5\\\/5 - (10 votos)&quot;,&quot;size&quot;:&quot;24&quot;,&quot;title&quot;:&quot;La odisea de alquilar un piso en Madrid: lo que no siempre se cuenta&quot;,&quot;width&quot;:&quot;124.5&quot;,&quot;_legend&quot;:&quot;{score}\\\/{best} - ({count} {votes})&quot;,&quot;font_factor&quot;:&quot;1.25&quot;}'>\n            \n<div class=\"kksr-stars\">\n    \n<div class=\"kksr-stars-inactive\">\n            <div class=\"kksr-star\" data-star=\"1\" style=\"padding-right: 1px\">\n            \n\n<div class=\"kksr-icon\" style=\"width: 24px; height: 24px;\"><\/div>\n        <\/div>\n            <div class=\"kksr-star\" data-star=\"2\" style=\"padding-right: 1px\">\n            \n\n<div class=\"kksr-icon\" style=\"width: 24px; height: 24px;\"><\/div>\n        <\/div>\n            <div class=\"kksr-star\" data-star=\"3\" style=\"padding-right: 1px\">\n            \n\n<div class=\"kksr-icon\" style=\"width: 24px; height: 24px;\"><\/div>\n        <\/div>\n            <div class=\"kksr-star\" data-star=\"4\" style=\"padding-right: 1px\">\n            \n\n<div class=\"kksr-icon\" style=\"width: 24px; height: 24px;\"><\/div>\n        <\/div>\n            <div class=\"kksr-star\" data-star=\"5\" style=\"padding-right: 1px\">\n            \n\n<div class=\"kksr-icon\" style=\"width: 24px; height: 24px;\"><\/div>\n        <\/div>\n    <\/div>\n    \n<div class=\"kksr-stars-active\" style=\"width: 124.5px;\">\n            <div class=\"kksr-star\" style=\"padding-right: 1px\">\n            \n\n<div class=\"kksr-icon\" style=\"width: 24px; height: 24px;\"><\/div>\n        <\/div>\n            <div class=\"kksr-star\" style=\"padding-right: 1px\">\n            \n\n<div class=\"kksr-icon\" style=\"width: 24px; height: 24px;\"><\/div>\n        <\/div>\n            <div class=\"kksr-star\" style=\"padding-right: 1px\">\n            \n\n<div class=\"kksr-icon\" style=\"width: 24px; height: 24px;\"><\/div>\n        <\/div>\n            <div class=\"kksr-star\" style=\"padding-right: 1px\">\n            \n\n<div class=\"kksr-icon\" style=\"width: 24px; height: 24px;\"><\/div>\n        <\/div>\n            <div class=\"kksr-star\" style=\"padding-right: 1px\">\n            \n\n<div class=\"kksr-icon\" style=\"width: 24px; height: 24px;\"><\/div>\n        <\/div>\n    <\/div>\n<\/div>\n                \n\n<div class=\"kksr-legend\" style=\"font-size: 19.2px;\">\n            5\/5 - (10 votos)    <\/div>\n    <\/div>\n","protected":false},"excerpt":{"rendered":"<p>En Madrid, conseguir un piso de alquiler decente se ha  [&#8230;]<\/p>\n","protected":false},"author":4,"featured_media":8336,"comment_status":"closed","ping_status":"closed","sticky":false,"template":"","format":"standard","meta":{"footnotes":""},"categories":[97],"tags":[],"class_list":["post-8331","post","type-post","status-publish","format-standard","has-post-thumbnail","hentry","category-consejos-para-inquilinos"],"yoast_head":"<!-- This site is optimized with the Yoast SEO plugin v27.4 - https:\/\/yoast.com\/product\/yoast-seo-wordpress\/ -->\n<title>La dificultad de alquilar piso en Madrid: lo que debes saber | Proinca<\/title>\n<meta name=\"description\" content=\"En este art\u00edculo te explicamos por qu\u00e9 es tan dif\u00edcil alquilar en Madrid y c\u00f3mo gestionamos en Proinca la alta demanda de pisos con transparencia y calidad.\" \/>\n<meta name=\"robots\" content=\"index, follow, max-snippet:-1, max-image-preview:large, max-video-preview:-1\" \/>\n<link rel=\"canonical\" href=\"https:\/\/www.proinca.es\/madridfansblog\/dificultad-alquilar-piso-madrid\/\" \/>\n<meta property=\"og:locale\" content=\"es_ES\" \/>\n<meta property=\"og:type\" content=\"article\" \/>\n<meta property=\"og:title\" content=\"La dificultad de alquilar piso en Madrid: lo que debes saber | Proinca\" \/>\n<meta property=\"og:description\" content=\"En este art\u00edculo te explicamos por qu\u00e9 es tan dif\u00edcil alquilar en Madrid y c\u00f3mo gestionamos en Proinca la alta demanda de pisos con transparencia y calidad.\" \/>\n<meta property=\"og:url\" content=\"https:\/\/www.proinca.es\/madridfansblog\/dificultad-alquilar-piso-madrid\/\" \/>\n<meta property=\"og:site_name\" content=\"Blog Proinca Madrid\" \/>\n<meta property=\"article:published_time\" content=\"2025-09-23T08:54:44+00:00\" \/>\n<meta property=\"article:modified_time\" content=\"2025-12-22T10:32:14+00:00\" \/>\n<meta property=\"og:image\" content=\"https:\/\/www.proinca.es\/madridfansblog\/wp-content\/uploads\/2025\/09\/dificultades-alquilar-piso-madrid-1.jpg\" \/>\n\t<meta property=\"og:image:width\" content=\"1838\" \/>\n\t<meta property=\"og:image:height\" content=\"1034\" \/>\n\t<meta property=\"og:image:type\" content=\"image\/jpeg\" \/>\n<meta name=\"author\" content=\"Ana Calero\" \/>\n<script type=\"application\/ld+json\" class=\"yoast-schema-graph\">{\"@context\":\"https:\\\/\\\/schema.org\",\"@graph\":[{\"@type\":\"Article\",\"@id\":\"https:\\\/\\\/www.proinca.es\\\/madridfansblog\\\/dificultad-alquilar-piso-madrid\\\/#article\",\"isPartOf\":{\"@id\":\"https:\\\/\\\/www.proinca.es\\\/madridfansblog\\\/dificultad-alquilar-piso-madrid\\\/\"},\"author\":{\"name\":\"Ana Calero\",\"@id\":\"https:\\\/\\\/www.proinca.es\\\/madridfansblog\\\/#\\\/schema\\\/person\\\/8401adc89c0a0f5a3574c43326247f1e\"},\"headline\":\"La odisea de alquilar un piso en Madrid: lo que no siempre se cuenta\",\"datePublished\":\"2025-09-23T08:54:44+00:00\",\"dateModified\":\"2025-12-22T10:32:14+00:00\",\"mainEntityOfPage\":{\"@id\":\"https:\\\/\\\/www.proinca.es\\\/madridfansblog\\\/dificultad-alquilar-piso-madrid\\\/\"},\"wordCount\":6106,\"publisher\":{\"@id\":\"https:\\\/\\\/www.proinca.es\\\/madridfansblog\\\/#organization\"},\"image\":{\"@id\":\"https:\\\/\\\/www.proinca.es\\\/madridfansblog\\\/dificultad-alquilar-piso-madrid\\\/#primaryimage\"},\"thumbnailUrl\":\"https:\\\/\\\/www.proinca.es\\\/madridfansblog\\\/wp-content\\\/uploads\\\/2025\\\/09\\\/dificultades-alquilar-piso-madrid-1.jpg\",\"articleSection\":[\"CONSEJOS PARA INQUILINOS\"],\"inLanguage\":\"es\"},{\"@type\":\"WebPage\",\"@id\":\"https:\\\/\\\/www.proinca.es\\\/madridfansblog\\\/dificultad-alquilar-piso-madrid\\\/\",\"url\":\"https:\\\/\\\/www.proinca.es\\\/madridfansblog\\\/dificultad-alquilar-piso-madrid\\\/\",\"name\":\"La dificultad de alquilar piso en Madrid: lo que debes saber | Proinca\",\"isPartOf\":{\"@id\":\"https:\\\/\\\/www.proinca.es\\\/madridfansblog\\\/#website\"},\"primaryImageOfPage\":{\"@id\":\"https:\\\/\\\/www.proinca.es\\\/madridfansblog\\\/dificultad-alquilar-piso-madrid\\\/#primaryimage\"},\"image\":{\"@id\":\"https:\\\/\\\/www.proinca.es\\\/madridfansblog\\\/dificultad-alquilar-piso-madrid\\\/#primaryimage\"},\"thumbnailUrl\":\"https:\\\/\\\/www.proinca.es\\\/madridfansblog\\\/wp-content\\\/uploads\\\/2025\\\/09\\\/dificultades-alquilar-piso-madrid-1.jpg\",\"datePublished\":\"2025-09-23T08:54:44+00:00\",\"dateModified\":\"2025-12-22T10:32:14+00:00\",\"description\":\"En este art\u00edculo te explicamos por qu\u00e9 es tan dif\u00edcil alquilar en Madrid y c\u00f3mo gestionamos en Proinca la alta demanda de pisos con transparencia y calidad.\",\"inLanguage\":\"es\",\"potentialAction\":[{\"@type\":\"ReadAction\",\"target\":[\"https:\\\/\\\/www.proinca.es\\\/madridfansblog\\\/dificultad-alquilar-piso-madrid\\\/\"]}]},{\"@type\":\"ImageObject\",\"inLanguage\":\"es\",\"@id\":\"https:\\\/\\\/www.proinca.es\\\/madridfansblog\\\/dificultad-alquilar-piso-madrid\\\/#primaryimage\",\"url\":\"https:\\\/\\\/www.proinca.es\\\/madridfansblog\\\/wp-content\\\/uploads\\\/2025\\\/09\\\/dificultades-alquilar-piso-madrid-1.jpg\",\"contentUrl\":\"https:\\\/\\\/www.proinca.es\\\/madridfansblog\\\/wp-content\\\/uploads\\\/2025\\\/09\\\/dificultades-alquilar-piso-madrid-1.jpg\",\"width\":1838,\"height\":1034,\"caption\":\"la dificultad de encontrar piso en alquiler en Madrid debido a la alta demanda.\"},{\"@type\":\"WebSite\",\"@id\":\"https:\\\/\\\/www.proinca.es\\\/madridfansblog\\\/#website\",\"url\":\"https:\\\/\\\/www.proinca.es\\\/madridfansblog\\\/\",\"name\":\"Madrid Fans Blog Proinca\",\"description\":\"Pisos y apartamentos de alquiler en Madrid\",\"publisher\":{\"@id\":\"https:\\\/\\\/www.proinca.es\\\/madridfansblog\\\/#organization\"},\"potentialAction\":[{\"@type\":\"SearchAction\",\"target\":{\"@type\":\"EntryPoint\",\"urlTemplate\":\"https:\\\/\\\/www.proinca.es\\\/madridfansblog\\\/?s={search_term_string}\"},\"query-input\":{\"@type\":\"PropertyValueSpecification\",\"valueRequired\":true,\"valueName\":\"search_term_string\"}}],\"inLanguage\":\"es\"},{\"@type\":\"Organization\",\"@id\":\"https:\\\/\\\/www.proinca.es\\\/madridfansblog\\\/#organization\",\"name\":\"Proinca\",\"url\":\"https:\\\/\\\/www.proinca.es\\\/madridfansblog\\\/\",\"logo\":{\"@type\":\"ImageObject\",\"inLanguage\":\"es\",\"@id\":\"https:\\\/\\\/www.proinca.es\\\/madridfansblog\\\/#\\\/schema\\\/logo\\\/image\\\/\",\"url\":\"https:\\\/\\\/www.proinca.es\\\/madridfansblog\\\/wp-content\\\/uploads\\\/2022\\\/03\\\/logo-proinca.jpg\",\"contentUrl\":\"https:\\\/\\\/www.proinca.es\\\/madridfansblog\\\/wp-content\\\/uploads\\\/2022\\\/03\\\/logo-proinca.jpg\",\"width\":522,\"height\":250,\"caption\":\"Proinca\"},\"image\":{\"@id\":\"https:\\\/\\\/www.proinca.es\\\/madridfansblog\\\/#\\\/schema\\\/logo\\\/image\\\/\"}},{\"@type\":\"Person\",\"@id\":\"https:\\\/\\\/www.proinca.es\\\/madridfansblog\\\/#\\\/schema\\\/person\\\/8401adc89c0a0f5a3574c43326247f1e\",\"name\":\"Ana Calero\",\"image\":{\"@type\":\"ImageObject\",\"inLanguage\":\"es\",\"@id\":\"https:\\\/\\\/www.proinca.es\\\/madridfansblog\\\/wp-content\\\/litespeed\\\/avatar\\\/ef51b25c0718910f475570320941ef46.jpg?ver=1777379772\",\"url\":\"https:\\\/\\\/www.proinca.es\\\/madridfansblog\\\/wp-content\\\/litespeed\\\/avatar\\\/ef51b25c0718910f475570320941ef46.jpg?ver=1777379772\",\"contentUrl\":\"https:\\\/\\\/www.proinca.es\\\/madridfansblog\\\/wp-content\\\/litespeed\\\/avatar\\\/ef51b25c0718910f475570320941ef46.jpg?ver=1777379772\",\"caption\":\"Ana Calero\"},\"description\":\"Licenciada en Ciencias Empresariales por la Universidad Aut\u00f3noma de Madrid. Forma parte del equipo de Apartamentos Proinca y es una enamorada de Madrid\",\"sameAs\":[\"https:\\\/\\\/www.proinca.es\\\/madridfansblog\\\/ana-calero\\\/\"]}]}<\/script>\n<!-- \/ Yoast SEO plugin. -->","yoast_head_json":{"title":"La dificultad de alquilar piso en Madrid: lo que debes saber | Proinca","description":"En este art\u00edculo te explicamos por qu\u00e9 es tan dif\u00edcil alquilar en Madrid y c\u00f3mo gestionamos en Proinca la alta demanda de pisos con transparencia y calidad.","robots":{"index":"index","follow":"follow","max-snippet":"max-snippet:-1","max-image-preview":"max-image-preview:large","max-video-preview":"max-video-preview:-1"},"canonical":"https:\/\/www.proinca.es\/madridfansblog\/dificultad-alquilar-piso-madrid\/","og_locale":"es_ES","og_type":"article","og_title":"La dificultad de alquilar piso en Madrid: lo que debes saber | Proinca","og_description":"En este art\u00edculo te explicamos por qu\u00e9 es tan dif\u00edcil alquilar en Madrid y c\u00f3mo gestionamos en Proinca la alta demanda de pisos con transparencia y calidad.","og_url":"https:\/\/www.proinca.es\/madridfansblog\/dificultad-alquilar-piso-madrid\/","og_site_name":"Blog Proinca Madrid","article_published_time":"2025-09-23T08:54:44+00:00","article_modified_time":"2025-12-22T10:32:14+00:00","og_image":[{"width":1838,"height":1034,"url":"https:\/\/www.proinca.es\/madridfansblog\/wp-content\/uploads\/2025\/09\/dificultades-alquilar-piso-madrid-1.jpg","type":"image\/jpeg"}],"author":"Ana Calero","schema":{"@context":"https:\/\/schema.org","@graph":[{"@type":"Article","@id":"https:\/\/www.proinca.es\/madridfansblog\/dificultad-alquilar-piso-madrid\/#article","isPartOf":{"@id":"https:\/\/www.proinca.es\/madridfansblog\/dificultad-alquilar-piso-madrid\/"},"author":{"name":"Ana Calero","@id":"https:\/\/www.proinca.es\/madridfansblog\/#\/schema\/person\/8401adc89c0a0f5a3574c43326247f1e"},"headline":"La odisea de alquilar un piso en Madrid: lo que no siempre se cuenta","datePublished":"2025-09-23T08:54:44+00:00","dateModified":"2025-12-22T10:32:14+00:00","mainEntityOfPage":{"@id":"https:\/\/www.proinca.es\/madridfansblog\/dificultad-alquilar-piso-madrid\/"},"wordCount":6106,"publisher":{"@id":"https:\/\/www.proinca.es\/madridfansblog\/#organization"},"image":{"@id":"https:\/\/www.proinca.es\/madridfansblog\/dificultad-alquilar-piso-madrid\/#primaryimage"},"thumbnailUrl":"https:\/\/www.proinca.es\/madridfansblog\/wp-content\/uploads\/2025\/09\/dificultades-alquilar-piso-madrid-1.jpg","articleSection":["CONSEJOS PARA INQUILINOS"],"inLanguage":"es"},{"@type":"WebPage","@id":"https:\/\/www.proinca.es\/madridfansblog\/dificultad-alquilar-piso-madrid\/","url":"https:\/\/www.proinca.es\/madridfansblog\/dificultad-alquilar-piso-madrid\/","name":"La dificultad de alquilar piso en Madrid: lo que debes saber | Proinca","isPartOf":{"@id":"https:\/\/www.proinca.es\/madridfansblog\/#website"},"primaryImageOfPage":{"@id":"https:\/\/www.proinca.es\/madridfansblog\/dificultad-alquilar-piso-madrid\/#primaryimage"},"image":{"@id":"https:\/\/www.proinca.es\/madridfansblog\/dificultad-alquilar-piso-madrid\/#primaryimage"},"thumbnailUrl":"https:\/\/www.proinca.es\/madridfansblog\/wp-content\/uploads\/2025\/09\/dificultades-alquilar-piso-madrid-1.jpg","datePublished":"2025-09-23T08:54:44+00:00","dateModified":"2025-12-22T10:32:14+00:00","description":"En este art\u00edculo te explicamos por qu\u00e9 es tan dif\u00edcil alquilar en Madrid y c\u00f3mo gestionamos en Proinca la alta demanda de pisos con transparencia y calidad.","inLanguage":"es","potentialAction":[{"@type":"ReadAction","target":["https:\/\/www.proinca.es\/madridfansblog\/dificultad-alquilar-piso-madrid\/"]}]},{"@type":"ImageObject","inLanguage":"es","@id":"https:\/\/www.proinca.es\/madridfansblog\/dificultad-alquilar-piso-madrid\/#primaryimage","url":"https:\/\/www.proinca.es\/madridfansblog\/wp-content\/uploads\/2025\/09\/dificultades-alquilar-piso-madrid-1.jpg","contentUrl":"https:\/\/www.proinca.es\/madridfansblog\/wp-content\/uploads\/2025\/09\/dificultades-alquilar-piso-madrid-1.jpg","width":1838,"height":1034,"caption":"la dificultad de encontrar piso en alquiler en Madrid debido a la alta demanda."},{"@type":"WebSite","@id":"https:\/\/www.proinca.es\/madridfansblog\/#website","url":"https:\/\/www.proinca.es\/madridfansblog\/","name":"Madrid Fans Blog Proinca","description":"Pisos y apartamentos de alquiler en Madrid","publisher":{"@id":"https:\/\/www.proinca.es\/madridfansblog\/#organization"},"potentialAction":[{"@type":"SearchAction","target":{"@type":"EntryPoint","urlTemplate":"https:\/\/www.proinca.es\/madridfansblog\/?s={search_term_string}"},"query-input":{"@type":"PropertyValueSpecification","valueRequired":true,"valueName":"search_term_string"}}],"inLanguage":"es"},{"@type":"Organization","@id":"https:\/\/www.proinca.es\/madridfansblog\/#organization","name":"Proinca","url":"https:\/\/www.proinca.es\/madridfansblog\/","logo":{"@type":"ImageObject","inLanguage":"es","@id":"https:\/\/www.proinca.es\/madridfansblog\/#\/schema\/logo\/image\/","url":"https:\/\/www.proinca.es\/madridfansblog\/wp-content\/uploads\/2022\/03\/logo-proinca.jpg","contentUrl":"https:\/\/www.proinca.es\/madridfansblog\/wp-content\/uploads\/2022\/03\/logo-proinca.jpg","width":522,"height":250,"caption":"Proinca"},"image":{"@id":"https:\/\/www.proinca.es\/madridfansblog\/#\/schema\/logo\/image\/"}},{"@type":"Person","@id":"https:\/\/www.proinca.es\/madridfansblog\/#\/schema\/person\/8401adc89c0a0f5a3574c43326247f1e","name":"Ana Calero","image":{"@type":"ImageObject","inLanguage":"es","@id":"https:\/\/www.proinca.es\/madridfansblog\/wp-content\/litespeed\/avatar\/ef51b25c0718910f475570320941ef46.jpg?ver=1777379772","url":"https:\/\/www.proinca.es\/madridfansblog\/wp-content\/litespeed\/avatar\/ef51b25c0718910f475570320941ef46.jpg?ver=1777379772","contentUrl":"https:\/\/www.proinca.es\/madridfansblog\/wp-content\/litespeed\/avatar\/ef51b25c0718910f475570320941ef46.jpg?ver=1777379772","caption":"Ana Calero"},"description":"Licenciada en Ciencias Empresariales por la Universidad Aut\u00f3noma de Madrid. Forma parte del equipo de Apartamentos Proinca y es una enamorada de Madrid","sameAs":["https:\/\/www.proinca.es\/madridfansblog\/ana-calero\/"]}]}},"_links":{"self":[{"href":"https:\/\/www.proinca.es\/madridfansblog\/wp-json\/wp\/v2\/posts\/8331","targetHints":{"allow":["GET"]}}],"collection":[{"href":"https:\/\/www.proinca.es\/madridfansblog\/wp-json\/wp\/v2\/posts"}],"about":[{"href":"https:\/\/www.proinca.es\/madridfansblog\/wp-json\/wp\/v2\/types\/post"}],"author":[{"embeddable":true,"href":"https:\/\/www.proinca.es\/madridfansblog\/wp-json\/wp\/v2\/users\/4"}],"replies":[{"embeddable":true,"href":"https:\/\/www.proinca.es\/madridfansblog\/wp-json\/wp\/v2\/comments?post=8331"}],"version-history":[{"count":16,"href":"https:\/\/www.proinca.es\/madridfansblog\/wp-json\/wp\/v2\/posts\/8331\/revisions"}],"predecessor-version":[{"id":8499,"href":"https:\/\/www.proinca.es\/madridfansblog\/wp-json\/wp\/v2\/posts\/8331\/revisions\/8499"}],"wp:featuredmedia":[{"embeddable":true,"href":"https:\/\/www.proinca.es\/madridfansblog\/wp-json\/wp\/v2\/media\/8336"}],"wp:attachment":[{"href":"https:\/\/www.proinca.es\/madridfansblog\/wp-json\/wp\/v2\/media?parent=8331"}],"wp:term":[{"taxonomy":"category","embeddable":true,"href":"https:\/\/www.proinca.es\/madridfansblog\/wp-json\/wp\/v2\/categories?post=8331"},{"taxonomy":"post_tag","embeddable":true,"href":"https:\/\/www.proinca.es\/madridfansblog\/wp-json\/wp\/v2\/tags?post=8331"}],"curies":[{"name":"wp","href":"https:\/\/api.w.org\/{rel}","templated":true}]}}