{"id":838,"date":"2012-11-15T10:17:23","date_gmt":"2012-11-15T09:17:23","guid":{"rendered":"http:\/\/www.proinca.es\/madridfansblog\/?p=838"},"modified":"2025-05-28T15:36:05","modified_gmt":"2025-05-28T13:36:05","slug":"abajo-el-consumo-y-las-emisiones-de-co2","status":"publish","type":"post","link":"https:\/\/www.proinca.es\/madridfansblog\/abajo-el-consumo-y-las-emisiones-de-co2\/","title":{"rendered":"\u00a1ABAJO EL CONSUMO Y LAS EMISIONES DE CO2!"},"content":{"rendered":"<p>Cada d\u00eda en Madrid se arrancan 2.000 autobuses de la <strong>EMT<\/strong> que dan cobertura a 215 l\u00edneas, con una extensi\u00f3n de 3.500 kil\u00f3metros para transportar 500 millones de viajeros al a\u00f1o.\u00a0Unas cifras as\u00ed obligan a tratar constantemente de optimizar las emisiones, la seguridad y, como no, los consumos de los diferentes combustibles que usan estos veh\u00edculos.<!--more--><\/p>\n<p>Con el objetivo de reducir los consumos y las emisiones, la EMT ha puesto en marcha el <strong>\u201cProyecto EfiSAE\u201d<\/strong>, con el que se puede lograr un ahorro de combustible y de CO2 por veh\u00edculo entre el 10 y el 15%.<\/p>\n<p>\u00bfC\u00f3mo funciona?<\/p>\n<p>Un m\u00f3dulo embarcado en cada veh\u00edculo procesa la informaci\u00f3n sobre el consumo de combustible y la sostenibilidad ambiental. Esta \u00a0tecnolog\u00eda avisa al conductor en tiempo real sobre c\u00f3mo incide su aceleraci\u00f3n o frenado en el gasto energ\u00e9tico. La experiencia piloto se ha puesto en marcha en 15 autobuses de la EMT de Madrid.<\/p>\n<p>El \u201cProyecto EfiSAE\u201d se ha desarrollado con la colaboraci\u00f3n de Grupo ETRA y consiste en la implantaci\u00f3n de un m\u00f3dulo para el almacenamiento y procesamiento de informaci\u00f3n relevante acerca del veh\u00edculo con respecto al consumo (velocidad, aceleraci\u00f3n, frenado brusco, etc.) y la sostenibilidad ambiental (sensores de contaminaci\u00f3n, sensores medioambientales, etc.).<\/p>\n<p>Dicho m\u00f3dulo informa directamente al conductor del grado de eficiencia en la conducci\u00f3n a trav\u00e9s de la consola del autob\u00fas, al tiempo que env\u00eda los datos registrados a un centro de control para el posterior an\u00e1lisis. Los diferentes indicadores de eficiencia en la conducci\u00f3n permiten aplicar medidas para reducir el gasto en combustible y las emisiones contaminantes en la atm\u00f3sfera, para un mejor mantenimiento de los veh\u00edculos, e incluso para alcanzar un mayor confort de cara a los viajeros derivado de unas mejores pr\u00e1cticas al volante.\u00a0Adem\u00e1s, hace posible establecer comparativas entre diversos tipos de conducci\u00f3n para as\u00ed elaborar planes de formaci\u00f3n y mejora continua destinados a toda la plantilla de conductores.<\/p>\n<p><strong><em>Antonio Mozas<\/em><\/strong><\/p>\n<p>Foto de Matthias Heyde en Unsplash<\/p>\n\n\n<div class=\"kk-star-ratings kksr-auto kksr-align-left kksr-valign-bottom\"\n    data-payload='{&quot;align&quot;:&quot;left&quot;,&quot;id&quot;:&quot;838&quot;,&quot;slug&quot;:&quot;default&quot;,&quot;valign&quot;:&quot;bottom&quot;,&quot;ignore&quot;:&quot;&quot;,&quot;reference&quot;:&quot;auto&quot;,&quot;class&quot;:&quot;&quot;,&quot;count&quot;:&quot;0&quot;,&quot;legendonly&quot;:&quot;&quot;,&quot;readonly&quot;:&quot;&quot;,&quot;score&quot;:&quot;0&quot;,&quot;starsonly&quot;:&quot;&quot;,&quot;best&quot;:&quot;5&quot;,&quot;gap&quot;:&quot;1&quot;,&quot;greet&quot;:&quot;Valora este art\u00edculo&quot;,&quot;legend&quot;:&quot;0\\\/5 - (0 votos)&quot;,&quot;size&quot;:&quot;24&quot;,&quot;title&quot;:&quot;\u00a1ABAJO EL CONSUMO Y LAS EMISIONES DE CO2!&quot;,&quot;width&quot;:&quot;0&quot;,&quot;_legend&quot;:&quot;{score}\\\/{best} - ({count} {votes})&quot;,&quot;font_factor&quot;:&quot;1.25&quot;}'>\n            \n<div class=\"kksr-stars\">\n    \n<div class=\"kksr-stars-inactive\">\n            <div class=\"kksr-star\" data-star=\"1\" style=\"padding-right: 1px\">\n            \n\n<div class=\"kksr-icon\" style=\"width: 24px; height: 24px;\"><\/div>\n        <\/div>\n            <div class=\"kksr-star\" data-star=\"2\" style=\"padding-right: 1px\">\n            \n\n<div class=\"kksr-icon\" style=\"width: 24px; height: 24px;\"><\/div>\n        <\/div>\n            <div class=\"kksr-star\" data-star=\"3\" style=\"padding-right: 1px\">\n            \n\n<div class=\"kksr-icon\" style=\"width: 24px; height: 24px;\"><\/div>\n        <\/div>\n            <div class=\"kksr-star\" data-star=\"4\" style=\"padding-right: 1px\">\n            \n\n<div class=\"kksr-icon\" style=\"width: 24px; height: 24px;\"><\/div>\n        <\/div>\n            <div class=\"kksr-star\" data-star=\"5\" style=\"padding-right: 1px\">\n            \n\n<div class=\"kksr-icon\" style=\"width: 24px; height: 24px;\"><\/div>\n        <\/div>\n    <\/div>\n    \n<div class=\"kksr-stars-active\" style=\"width: 0px;\">\n            <div class=\"kksr-star\" style=\"padding-right: 1px\">\n            \n\n<div class=\"kksr-icon\" style=\"width: 24px; height: 24px;\"><\/div>\n        <\/div>\n            <div class=\"kksr-star\" style=\"padding-right: 1px\">\n            \n\n<div class=\"kksr-icon\" style=\"width: 24px; height: 24px;\"><\/div>\n        <\/div>\n            <div class=\"kksr-star\" style=\"padding-right: 1px\">\n            \n\n<div class=\"kksr-icon\" style=\"width: 24px; height: 24px;\"><\/div>\n        <\/div>\n            <div class=\"kksr-star\" style=\"padding-right: 1px\">\n            \n\n<div class=\"kksr-icon\" style=\"width: 24px; height: 24px;\"><\/div>\n        <\/div>\n            <div class=\"kksr-star\" style=\"padding-right: 1px\">\n            \n\n<div class=\"kksr-icon\" style=\"width: 24px; height: 24px;\"><\/div>\n        <\/div>\n    <\/div>\n<\/div>\n                \n\n<div class=\"kksr-legend\" style=\"font-size: 19.2px;\">\n            <span class=\"kksr-muted\">Valora este art\u00edculo<\/span>\n    <\/div>\n    <\/div>\n","protected":false},"excerpt":{"rendered":"<p>Cada d\u00eda en Madrid se arrancan 2.000 autobuses de la  [&#8230;]<\/p>\n","protected":false},"author":4,"featured_media":7019,"comment_status":"closed","ping_status":"closed","sticky":false,"template":"","format":"standard","meta":{"footnotes":""},"categories":[79],"tags":[66,5,42,41],"class_list":["post-838","post","type-post","status-publish","format-standard","has-post-thumbnail","hentry","category-vivir-madrid","tag-ecologia","tag-madrid","tag-medio-ambiente","tag-transporte"],"yoast_head":"<!-- This site is optimized with the Yoast SEO plugin v27.4 - https:\/\/yoast.com\/product\/yoast-seo-wordpress\/ -->\n<title>Reducci\u00f3n del consumo y las emisiones de CO2 en los autobuses de la EMT<\/title>\n<meta name=\"description\" content=\"Proyecto EfiSAE: en 15 autobuses de Madrid para reducir el consumo y las emisiones de CO2 mediante un m\u00f3dulo que monitoriza el grado de eficiencia en la conducci\u00f3n\" \/>\n<meta name=\"robots\" content=\"index, follow, max-snippet:-1, max-image-preview:large, max-video-preview:-1\" \/>\n<link rel=\"canonical\" href=\"https:\/\/www.proinca.es\/madridfansblog\/abajo-el-consumo-y-las-emisiones-de-co2\/\" \/>\n<meta property=\"og:locale\" content=\"es_ES\" \/>\n<meta property=\"og:type\" content=\"article\" \/>\n<meta property=\"og:title\" content=\"Reducci\u00f3n del consumo y las emisiones de CO2 en los autobuses de la EMT\" \/>\n<meta property=\"og:description\" content=\"Proyecto EfiSAE: en 15 autobuses de Madrid para reducir el consumo y las emisiones de CO2 mediante un m\u00f3dulo que monitoriza el grado de eficiencia en la conducci\u00f3n\" \/>\n<meta property=\"og:url\" content=\"https:\/\/www.proinca.es\/madridfansblog\/abajo-el-consumo-y-las-emisiones-de-co2\/\" \/>\n<meta property=\"og:site_name\" content=\"Blog Proinca Madrid\" \/>\n<meta property=\"article:published_time\" content=\"2012-11-15T09:17:23+00:00\" \/>\n<meta property=\"article:modified_time\" content=\"2025-05-28T13:36:05+00:00\" \/>\n<meta property=\"og:image\" content=\"https:\/\/www.proinca.es\/madridfansblog\/wp-content\/uploads\/2012\/11\/emisiones-co2.jpg\" \/>\n\t<meta property=\"og:image:width\" content=\"1000\" \/>\n\t<meta property=\"og:image:height\" content=\"563\" \/>\n\t<meta property=\"og:image:type\" content=\"image\/jpeg\" \/>\n<meta name=\"author\" content=\"Ana Calero\" \/>\n<script type=\"application\/ld+json\" class=\"yoast-schema-graph\">{\"@context\":\"https:\\\/\\\/schema.org\",\"@graph\":[{\"@type\":\"Article\",\"@id\":\"https:\\\/\\\/www.proinca.es\\\/madridfansblog\\\/abajo-el-consumo-y-las-emisiones-de-co2\\\/#article\",\"isPartOf\":{\"@id\":\"https:\\\/\\\/www.proinca.es\\\/madridfansblog\\\/abajo-el-consumo-y-las-emisiones-de-co2\\\/\"},\"author\":{\"name\":\"Ana Calero\",\"@id\":\"https:\\\/\\\/www.proinca.es\\\/madridfansblog\\\/#\\\/schema\\\/person\\\/8401adc89c0a0f5a3574c43326247f1e\"},\"headline\":\"\u00a1ABAJO EL CONSUMO Y LAS EMISIONES DE CO2!\",\"datePublished\":\"2012-11-15T09:17:23+00:00\",\"dateModified\":\"2025-05-28T13:36:05+00:00\",\"mainEntityOfPage\":{\"@id\":\"https:\\\/\\\/www.proinca.es\\\/madridfansblog\\\/abajo-el-consumo-y-las-emisiones-de-co2\\\/\"},\"wordCount\":358,\"publisher\":{\"@id\":\"https:\\\/\\\/www.proinca.es\\\/madridfansblog\\\/#organization\"},\"image\":{\"@id\":\"https:\\\/\\\/www.proinca.es\\\/madridfansblog\\\/abajo-el-consumo-y-las-emisiones-de-co2\\\/#primaryimage\"},\"thumbnailUrl\":\"https:\\\/\\\/www.proinca.es\\\/madridfansblog\\\/wp-content\\\/uploads\\\/2012\\\/11\\\/emisiones-co2.jpg\",\"keywords\":[\"Ecolog\u00eda\",\"Madrid\",\"Medio Ambiente\",\"Transporte\"],\"articleSection\":[\"VIVIR MADRID\"],\"inLanguage\":\"es\"},{\"@type\":\"WebPage\",\"@id\":\"https:\\\/\\\/www.proinca.es\\\/madridfansblog\\\/abajo-el-consumo-y-las-emisiones-de-co2\\\/\",\"url\":\"https:\\\/\\\/www.proinca.es\\\/madridfansblog\\\/abajo-el-consumo-y-las-emisiones-de-co2\\\/\",\"name\":\"Reducci\u00f3n del consumo y las emisiones de CO2 en los autobuses de la EMT\",\"isPartOf\":{\"@id\":\"https:\\\/\\\/www.proinca.es\\\/madridfansblog\\\/#website\"},\"primaryImageOfPage\":{\"@id\":\"https:\\\/\\\/www.proinca.es\\\/madridfansblog\\\/abajo-el-consumo-y-las-emisiones-de-co2\\\/#primaryimage\"},\"image\":{\"@id\":\"https:\\\/\\\/www.proinca.es\\\/madridfansblog\\\/abajo-el-consumo-y-las-emisiones-de-co2\\\/#primaryimage\"},\"thumbnailUrl\":\"https:\\\/\\\/www.proinca.es\\\/madridfansblog\\\/wp-content\\\/uploads\\\/2012\\\/11\\\/emisiones-co2.jpg\",\"datePublished\":\"2012-11-15T09:17:23+00:00\",\"dateModified\":\"2025-05-28T13:36:05+00:00\",\"description\":\"Proyecto EfiSAE: en 15 autobuses de Madrid para reducir el consumo y las emisiones de CO2 mediante un m\u00f3dulo que monitoriza el grado de eficiencia en la conducci\u00f3n\",\"inLanguage\":\"es\",\"potentialAction\":[{\"@type\":\"ReadAction\",\"target\":[\"https:\\\/\\\/www.proinca.es\\\/madridfansblog\\\/abajo-el-consumo-y-las-emisiones-de-co2\\\/\"]}]},{\"@type\":\"ImageObject\",\"inLanguage\":\"es\",\"@id\":\"https:\\\/\\\/www.proinca.es\\\/madridfansblog\\\/abajo-el-consumo-y-las-emisiones-de-co2\\\/#primaryimage\",\"url\":\"https:\\\/\\\/www.proinca.es\\\/madridfansblog\\\/wp-content\\\/uploads\\\/2012\\\/11\\\/emisiones-co2.jpg\",\"contentUrl\":\"https:\\\/\\\/www.proinca.es\\\/madridfansblog\\\/wp-content\\\/uploads\\\/2012\\\/11\\\/emisiones-co2.jpg\",\"width\":1000,\"height\":563,\"caption\":\"\u00a1Abajo el consumo y las emisiones de co2!\"},{\"@type\":\"WebSite\",\"@id\":\"https:\\\/\\\/www.proinca.es\\\/madridfansblog\\\/#website\",\"url\":\"https:\\\/\\\/www.proinca.es\\\/madridfansblog\\\/\",\"name\":\"Madrid Fans Blog Proinca\",\"description\":\"Pisos y apartamentos de alquiler en Madrid\",\"publisher\":{\"@id\":\"https:\\\/\\\/www.proinca.es\\\/madridfansblog\\\/#organization\"},\"potentialAction\":[{\"@type\":\"SearchAction\",\"target\":{\"@type\":\"EntryPoint\",\"urlTemplate\":\"https:\\\/\\\/www.proinca.es\\\/madridfansblog\\\/?s={search_term_string}\"},\"query-input\":{\"@type\":\"PropertyValueSpecification\",\"valueRequired\":true,\"valueName\":\"search_term_string\"}}],\"inLanguage\":\"es\"},{\"@type\":\"Organization\",\"@id\":\"https:\\\/\\\/www.proinca.es\\\/madridfansblog\\\/#organization\",\"name\":\"Proinca\",\"url\":\"https:\\\/\\\/www.proinca.es\\\/madridfansblog\\\/\",\"logo\":{\"@type\":\"ImageObject\",\"inLanguage\":\"es\",\"@id\":\"https:\\\/\\\/www.proinca.es\\\/madridfansblog\\\/#\\\/schema\\\/logo\\\/image\\\/\",\"url\":\"https:\\\/\\\/www.proinca.es\\\/madridfansblog\\\/wp-content\\\/uploads\\\/2022\\\/03\\\/logo-proinca.jpg\",\"contentUrl\":\"https:\\\/\\\/www.proinca.es\\\/madridfansblog\\\/wp-content\\\/uploads\\\/2022\\\/03\\\/logo-proinca.jpg\",\"width\":522,\"height\":250,\"caption\":\"Proinca\"},\"image\":{\"@id\":\"https:\\\/\\\/www.proinca.es\\\/madridfansblog\\\/#\\\/schema\\\/logo\\\/image\\\/\"}},{\"@type\":\"Person\",\"@id\":\"https:\\\/\\\/www.proinca.es\\\/madridfansblog\\\/#\\\/schema\\\/person\\\/8401adc89c0a0f5a3574c43326247f1e\",\"name\":\"Ana Calero\",\"image\":{\"@type\":\"ImageObject\",\"inLanguage\":\"es\",\"@id\":\"https:\\\/\\\/www.proinca.es\\\/madridfansblog\\\/wp-content\\\/litespeed\\\/avatar\\\/ef51b25c0718910f475570320941ef46.jpg?ver=1777379772\",\"url\":\"https:\\\/\\\/www.proinca.es\\\/madridfansblog\\\/wp-content\\\/litespeed\\\/avatar\\\/ef51b25c0718910f475570320941ef46.jpg?ver=1777379772\",\"contentUrl\":\"https:\\\/\\\/www.proinca.es\\\/madridfansblog\\\/wp-content\\\/litespeed\\\/avatar\\\/ef51b25c0718910f475570320941ef46.jpg?ver=1777379772\",\"caption\":\"Ana Calero\"},\"description\":\"Licenciada en Ciencias Empresariales por la Universidad Aut\u00f3noma de Madrid. Forma parte del equipo de Apartamentos Proinca y es una enamorada de Madrid\",\"sameAs\":[\"https:\\\/\\\/www.proinca.es\\\/madridfansblog\\\/ana-calero\\\/\"]}]}<\/script>\n<!-- \/ Yoast SEO plugin. -->","yoast_head_json":{"title":"Reducci\u00f3n del consumo y las emisiones de CO2 en los autobuses de la EMT","description":"Proyecto EfiSAE: en 15 autobuses de Madrid para reducir el consumo y las emisiones de CO2 mediante un m\u00f3dulo que monitoriza el grado de eficiencia en la conducci\u00f3n","robots":{"index":"index","follow":"follow","max-snippet":"max-snippet:-1","max-image-preview":"max-image-preview:large","max-video-preview":"max-video-preview:-1"},"canonical":"https:\/\/www.proinca.es\/madridfansblog\/abajo-el-consumo-y-las-emisiones-de-co2\/","og_locale":"es_ES","og_type":"article","og_title":"Reducci\u00f3n del consumo y las emisiones de CO2 en los autobuses de la EMT","og_description":"Proyecto EfiSAE: en 15 autobuses de Madrid para reducir el consumo y las emisiones de CO2 mediante un m\u00f3dulo que monitoriza el grado de eficiencia en la conducci\u00f3n","og_url":"https:\/\/www.proinca.es\/madridfansblog\/abajo-el-consumo-y-las-emisiones-de-co2\/","og_site_name":"Blog Proinca Madrid","article_published_time":"2012-11-15T09:17:23+00:00","article_modified_time":"2025-05-28T13:36:05+00:00","og_image":[{"width":1000,"height":563,"url":"https:\/\/www.proinca.es\/madridfansblog\/wp-content\/uploads\/2012\/11\/emisiones-co2.jpg","type":"image\/jpeg"}],"author":"Ana Calero","schema":{"@context":"https:\/\/schema.org","@graph":[{"@type":"Article","@id":"https:\/\/www.proinca.es\/madridfansblog\/abajo-el-consumo-y-las-emisiones-de-co2\/#article","isPartOf":{"@id":"https:\/\/www.proinca.es\/madridfansblog\/abajo-el-consumo-y-las-emisiones-de-co2\/"},"author":{"name":"Ana Calero","@id":"https:\/\/www.proinca.es\/madridfansblog\/#\/schema\/person\/8401adc89c0a0f5a3574c43326247f1e"},"headline":"\u00a1ABAJO EL CONSUMO Y LAS EMISIONES DE CO2!","datePublished":"2012-11-15T09:17:23+00:00","dateModified":"2025-05-28T13:36:05+00:00","mainEntityOfPage":{"@id":"https:\/\/www.proinca.es\/madridfansblog\/abajo-el-consumo-y-las-emisiones-de-co2\/"},"wordCount":358,"publisher":{"@id":"https:\/\/www.proinca.es\/madridfansblog\/#organization"},"image":{"@id":"https:\/\/www.proinca.es\/madridfansblog\/abajo-el-consumo-y-las-emisiones-de-co2\/#primaryimage"},"thumbnailUrl":"https:\/\/www.proinca.es\/madridfansblog\/wp-content\/uploads\/2012\/11\/emisiones-co2.jpg","keywords":["Ecolog\u00eda","Madrid","Medio Ambiente","Transporte"],"articleSection":["VIVIR MADRID"],"inLanguage":"es"},{"@type":"WebPage","@id":"https:\/\/www.proinca.es\/madridfansblog\/abajo-el-consumo-y-las-emisiones-de-co2\/","url":"https:\/\/www.proinca.es\/madridfansblog\/abajo-el-consumo-y-las-emisiones-de-co2\/","name":"Reducci\u00f3n del consumo y las emisiones de CO2 en los autobuses de la EMT","isPartOf":{"@id":"https:\/\/www.proinca.es\/madridfansblog\/#website"},"primaryImageOfPage":{"@id":"https:\/\/www.proinca.es\/madridfansblog\/abajo-el-consumo-y-las-emisiones-de-co2\/#primaryimage"},"image":{"@id":"https:\/\/www.proinca.es\/madridfansblog\/abajo-el-consumo-y-las-emisiones-de-co2\/#primaryimage"},"thumbnailUrl":"https:\/\/www.proinca.es\/madridfansblog\/wp-content\/uploads\/2012\/11\/emisiones-co2.jpg","datePublished":"2012-11-15T09:17:23+00:00","dateModified":"2025-05-28T13:36:05+00:00","description":"Proyecto EfiSAE: en 15 autobuses de Madrid para reducir el consumo y las emisiones de CO2 mediante un m\u00f3dulo que monitoriza el grado de eficiencia en la conducci\u00f3n","inLanguage":"es","potentialAction":[{"@type":"ReadAction","target":["https:\/\/www.proinca.es\/madridfansblog\/abajo-el-consumo-y-las-emisiones-de-co2\/"]}]},{"@type":"ImageObject","inLanguage":"es","@id":"https:\/\/www.proinca.es\/madridfansblog\/abajo-el-consumo-y-las-emisiones-de-co2\/#primaryimage","url":"https:\/\/www.proinca.es\/madridfansblog\/wp-content\/uploads\/2012\/11\/emisiones-co2.jpg","contentUrl":"https:\/\/www.proinca.es\/madridfansblog\/wp-content\/uploads\/2012\/11\/emisiones-co2.jpg","width":1000,"height":563,"caption":"\u00a1Abajo el consumo y las emisiones de co2!"},{"@type":"WebSite","@id":"https:\/\/www.proinca.es\/madridfansblog\/#website","url":"https:\/\/www.proinca.es\/madridfansblog\/","name":"Madrid Fans Blog Proinca","description":"Pisos y apartamentos de alquiler en Madrid","publisher":{"@id":"https:\/\/www.proinca.es\/madridfansblog\/#organization"},"potentialAction":[{"@type":"SearchAction","target":{"@type":"EntryPoint","urlTemplate":"https:\/\/www.proinca.es\/madridfansblog\/?s={search_term_string}"},"query-input":{"@type":"PropertyValueSpecification","valueRequired":true,"valueName":"search_term_string"}}],"inLanguage":"es"},{"@type":"Organization","@id":"https:\/\/www.proinca.es\/madridfansblog\/#organization","name":"Proinca","url":"https:\/\/www.proinca.es\/madridfansblog\/","logo":{"@type":"ImageObject","inLanguage":"es","@id":"https:\/\/www.proinca.es\/madridfansblog\/#\/schema\/logo\/image\/","url":"https:\/\/www.proinca.es\/madridfansblog\/wp-content\/uploads\/2022\/03\/logo-proinca.jpg","contentUrl":"https:\/\/www.proinca.es\/madridfansblog\/wp-content\/uploads\/2022\/03\/logo-proinca.jpg","width":522,"height":250,"caption":"Proinca"},"image":{"@id":"https:\/\/www.proinca.es\/madridfansblog\/#\/schema\/logo\/image\/"}},{"@type":"Person","@id":"https:\/\/www.proinca.es\/madridfansblog\/#\/schema\/person\/8401adc89c0a0f5a3574c43326247f1e","name":"Ana Calero","image":{"@type":"ImageObject","inLanguage":"es","@id":"https:\/\/www.proinca.es\/madridfansblog\/wp-content\/litespeed\/avatar\/ef51b25c0718910f475570320941ef46.jpg?ver=1777379772","url":"https:\/\/www.proinca.es\/madridfansblog\/wp-content\/litespeed\/avatar\/ef51b25c0718910f475570320941ef46.jpg?ver=1777379772","contentUrl":"https:\/\/www.proinca.es\/madridfansblog\/wp-content\/litespeed\/avatar\/ef51b25c0718910f475570320941ef46.jpg?ver=1777379772","caption":"Ana Calero"},"description":"Licenciada en Ciencias Empresariales por la Universidad Aut\u00f3noma de Madrid. Forma parte del equipo de Apartamentos Proinca y es una enamorada de Madrid","sameAs":["https:\/\/www.proinca.es\/madridfansblog\/ana-calero\/"]}]}},"_links":{"self":[{"href":"https:\/\/www.proinca.es\/madridfansblog\/wp-json\/wp\/v2\/posts\/838","targetHints":{"allow":["GET"]}}],"collection":[{"href":"https:\/\/www.proinca.es\/madridfansblog\/wp-json\/wp\/v2\/posts"}],"about":[{"href":"https:\/\/www.proinca.es\/madridfansblog\/wp-json\/wp\/v2\/types\/post"}],"author":[{"embeddable":true,"href":"https:\/\/www.proinca.es\/madridfansblog\/wp-json\/wp\/v2\/users\/4"}],"replies":[{"embeddable":true,"href":"https:\/\/www.proinca.es\/madridfansblog\/wp-json\/wp\/v2\/comments?post=838"}],"version-history":[{"count":12,"href":"https:\/\/www.proinca.es\/madridfansblog\/wp-json\/wp\/v2\/posts\/838\/revisions"}],"predecessor-version":[{"id":7583,"href":"https:\/\/www.proinca.es\/madridfansblog\/wp-json\/wp\/v2\/posts\/838\/revisions\/7583"}],"wp:featuredmedia":[{"embeddable":true,"href":"https:\/\/www.proinca.es\/madridfansblog\/wp-json\/wp\/v2\/media\/7019"}],"wp:attachment":[{"href":"https:\/\/www.proinca.es\/madridfansblog\/wp-json\/wp\/v2\/media?parent=838"}],"wp:term":[{"taxonomy":"category","embeddable":true,"href":"https:\/\/www.proinca.es\/madridfansblog\/wp-json\/wp\/v2\/categories?post=838"},{"taxonomy":"post_tag","embeddable":true,"href":"https:\/\/www.proinca.es\/madridfansblog\/wp-json\/wp\/v2\/tags?post=838"}],"curies":[{"name":"wp","href":"https:\/\/api.w.org\/{rel}","templated":true}]}}