{"id":850,"date":"2012-11-26T15:00:47","date_gmt":"2012-11-26T14:00:47","guid":{"rendered":"http:\/\/www.proinca.es\/madridfansblog\/?p=850"},"modified":"2025-05-28T15:36:09","modified_gmt":"2025-05-28T13:36:09","slug":"miau-por-que-a-los-madrilenos-nos-llaman-gatos","status":"publish","type":"post","link":"https:\/\/www.proinca.es\/madridfansblog\/miau-por-que-a-los-madrilenos-nos-llaman-gatos\/","title":{"rendered":"MIAU&#8230;\u00bfPOR QU\u00c9 A LOS MADRILE\u00d1OS NOS LLAMAN GATOS?"},"content":{"rendered":"<p>Cuenta la leyenda que all\u00e1 por el 852, el fundador de la ciudad de <strong>Madrid<\/strong>, <strong>Muhammad I<\/strong>, construy\u00f3 una fortaleza para dominar todo cuanto su vista abarcaba alrededor de la ciudad <!--more-->y evitar las constantes tentativas de sus enemigos, los reyes cristianos, de conquistar Madrid (entonces denominada <em>Mayr\u00eft<\/em>), baluarte defensivo del reino de Toledo. La muralla del musulm\u00e1n contaba con altos muros y la fama merecida de resultar inexpugnable. Al menos hasta 1085. Ese a\u00f1o, <strong>Alfonso VI de Castilla<\/strong> lleg\u00f3 con sus tropas frente a la muralla para iniciar un nuevo asedio que termin\u00f3 con la toma de Madrid, sin embargo, quien se llev\u00f3 la gloria en aquella jornada hist\u00f3rica fue un soldado, de corta edad, que trep\u00f3 por la muralla sigilosamente y cambi\u00f3 la bandera mora por la cristiana en el torre\u00f3n principal. Un soldado al que todos apodaron \u201cel gato\u201d por la agilidad y destreza que demostr\u00f3 en su escalada hacia lo m\u00e1s alto de la fortaleza. Y es desde ese d\u00eda que a todos los <strong>madrile\u00f1os<\/strong> se les llama <strong>\u201cgatos\u201d<\/strong>. MIAU !!!!!<\/p>\n<p>Foto de Chewy en Unsplash<\/p>\n\n\n<div class=\"kk-star-ratings kksr-auto kksr-align-left kksr-valign-bottom\"\n    data-payload='{&quot;align&quot;:&quot;left&quot;,&quot;id&quot;:&quot;850&quot;,&quot;slug&quot;:&quot;default&quot;,&quot;valign&quot;:&quot;bottom&quot;,&quot;ignore&quot;:&quot;&quot;,&quot;reference&quot;:&quot;auto&quot;,&quot;class&quot;:&quot;&quot;,&quot;count&quot;:&quot;0&quot;,&quot;legendonly&quot;:&quot;&quot;,&quot;readonly&quot;:&quot;&quot;,&quot;score&quot;:&quot;0&quot;,&quot;starsonly&quot;:&quot;&quot;,&quot;best&quot;:&quot;5&quot;,&quot;gap&quot;:&quot;1&quot;,&quot;greet&quot;:&quot;Valora este art\u00edculo&quot;,&quot;legend&quot;:&quot;0\\\/5 - (0 votos)&quot;,&quot;size&quot;:&quot;24&quot;,&quot;title&quot;:&quot;MIAU...\u00bfPOR QU\u00c9 A LOS MADRILE\u00d1OS NOS LLAMAN GATOS?&quot;,&quot;width&quot;:&quot;0&quot;,&quot;_legend&quot;:&quot;{score}\\\/{best} - ({count} {votes})&quot;,&quot;font_factor&quot;:&quot;1.25&quot;}'>\n            \n<div class=\"kksr-stars\">\n    \n<div class=\"kksr-stars-inactive\">\n            <div class=\"kksr-star\" data-star=\"1\" style=\"padding-right: 1px\">\n            \n\n<div class=\"kksr-icon\" style=\"width: 24px; height: 24px;\"><\/div>\n        <\/div>\n            <div class=\"kksr-star\" data-star=\"2\" style=\"padding-right: 1px\">\n            \n\n<div class=\"kksr-icon\" style=\"width: 24px; height: 24px;\"><\/div>\n        <\/div>\n            <div class=\"kksr-star\" data-star=\"3\" style=\"padding-right: 1px\">\n            \n\n<div class=\"kksr-icon\" style=\"width: 24px; height: 24px;\"><\/div>\n        <\/div>\n            <div class=\"kksr-star\" data-star=\"4\" style=\"padding-right: 1px\">\n            \n\n<div class=\"kksr-icon\" style=\"width: 24px; height: 24px;\"><\/div>\n        <\/div>\n            <div class=\"kksr-star\" data-star=\"5\" style=\"padding-right: 1px\">\n            \n\n<div class=\"kksr-icon\" style=\"width: 24px; height: 24px;\"><\/div>\n        <\/div>\n    <\/div>\n    \n<div class=\"kksr-stars-active\" style=\"width: 0px;\">\n            <div class=\"kksr-star\" style=\"padding-right: 1px\">\n            \n\n<div class=\"kksr-icon\" style=\"width: 24px; height: 24px;\"><\/div>\n        <\/div>\n            <div class=\"kksr-star\" style=\"padding-right: 1px\">\n            \n\n<div class=\"kksr-icon\" style=\"width: 24px; height: 24px;\"><\/div>\n        <\/div>\n            <div class=\"kksr-star\" style=\"padding-right: 1px\">\n            \n\n<div class=\"kksr-icon\" style=\"width: 24px; height: 24px;\"><\/div>\n        <\/div>\n            <div class=\"kksr-star\" style=\"padding-right: 1px\">\n            \n\n<div class=\"kksr-icon\" style=\"width: 24px; height: 24px;\"><\/div>\n        <\/div>\n            <div class=\"kksr-star\" style=\"padding-right: 1px\">\n            \n\n<div class=\"kksr-icon\" style=\"width: 24px; height: 24px;\"><\/div>\n        <\/div>\n    <\/div>\n<\/div>\n                \n\n<div class=\"kksr-legend\" style=\"font-size: 19.2px;\">\n            <span class=\"kksr-muted\">Valora este art\u00edculo<\/span>\n    <\/div>\n    <\/div>\n","protected":false},"excerpt":{"rendered":"<p>Cuenta la leyenda que all\u00e1 por el 852, el fundador  [&#8230;]<\/p>\n","protected":false},"author":4,"featured_media":7021,"comment_status":"closed","ping_status":"closed","sticky":false,"template":"","format":"standard","meta":{"footnotes":""},"categories":[79],"tags":[63,5,20],"class_list":["post-850","post","type-post","status-publish","format-standard","has-post-thumbnail","hentry","category-vivir-madrid","tag-cultura","tag-madrid","tag-ocio"],"yoast_head":"<!-- This site is optimized with the Yoast SEO plugin v27.4 - https:\/\/yoast.com\/product\/yoast-seo-wordpress\/ -->\n<title>\u00bfPor qu\u00e9 a los madrile\u00f1os nos llaman gatos?<\/title>\n<meta name=\"description\" content=\"Interesante historia que se remonta al a\u00f1o 1.805 para saber por qu\u00e9 a los madrile\u00f1os les llaman gatos\" \/>\n<meta name=\"robots\" content=\"index, follow, max-snippet:-1, max-image-preview:large, max-video-preview:-1\" \/>\n<link rel=\"canonical\" href=\"https:\/\/www.proinca.es\/madridfansblog\/miau-por-que-a-los-madrilenos-nos-llaman-gatos\/\" \/>\n<meta property=\"og:locale\" content=\"es_ES\" \/>\n<meta property=\"og:type\" content=\"article\" \/>\n<meta property=\"og:title\" content=\"\u00bfPor qu\u00e9 a los madrile\u00f1os nos llaman gatos?\" \/>\n<meta property=\"og:description\" content=\"Interesante historia que se remonta al a\u00f1o 1.805 para saber por qu\u00e9 a los madrile\u00f1os les llaman gatos\" \/>\n<meta property=\"og:url\" content=\"https:\/\/www.proinca.es\/madridfansblog\/miau-por-que-a-los-madrilenos-nos-llaman-gatos\/\" \/>\n<meta property=\"og:site_name\" content=\"Blog Proinca Madrid\" \/>\n<meta property=\"article:published_time\" content=\"2012-11-26T14:00:47+00:00\" \/>\n<meta property=\"article:modified_time\" content=\"2025-05-28T13:36:09+00:00\" \/>\n<meta property=\"og:image\" content=\"https:\/\/www.proinca.es\/madridfansblog\/wp-content\/uploads\/2012\/11\/los-gatos.jpg\" \/>\n\t<meta property=\"og:image:width\" content=\"1000\" \/>\n\t<meta property=\"og:image:height\" content=\"864\" \/>\n\t<meta property=\"og:image:type\" content=\"image\/jpeg\" \/>\n<meta name=\"author\" content=\"Ana Calero\" \/>\n<script type=\"application\/ld+json\" class=\"yoast-schema-graph\">{\"@context\":\"https:\\\/\\\/schema.org\",\"@graph\":[{\"@type\":\"Article\",\"@id\":\"https:\\\/\\\/www.proinca.es\\\/madridfansblog\\\/miau-por-que-a-los-madrilenos-nos-llaman-gatos\\\/#article\",\"isPartOf\":{\"@id\":\"https:\\\/\\\/www.proinca.es\\\/madridfansblog\\\/miau-por-que-a-los-madrilenos-nos-llaman-gatos\\\/\"},\"author\":{\"name\":\"Ana Calero\",\"@id\":\"https:\\\/\\\/www.proinca.es\\\/madridfansblog\\\/#\\\/schema\\\/person\\\/8401adc89c0a0f5a3574c43326247f1e\"},\"headline\":\"MIAU&#8230;\u00bfPOR QU\u00c9 A LOS MADRILE\u00d1OS NOS LLAMAN GATOS?\",\"datePublished\":\"2012-11-26T14:00:47+00:00\",\"dateModified\":\"2025-05-28T13:36:09+00:00\",\"mainEntityOfPage\":{\"@id\":\"https:\\\/\\\/www.proinca.es\\\/madridfansblog\\\/miau-por-que-a-los-madrilenos-nos-llaman-gatos\\\/\"},\"wordCount\":195,\"publisher\":{\"@id\":\"https:\\\/\\\/www.proinca.es\\\/madridfansblog\\\/#organization\"},\"image\":{\"@id\":\"https:\\\/\\\/www.proinca.es\\\/madridfansblog\\\/miau-por-que-a-los-madrilenos-nos-llaman-gatos\\\/#primaryimage\"},\"thumbnailUrl\":\"https:\\\/\\\/www.proinca.es\\\/madridfansblog\\\/wp-content\\\/uploads\\\/2012\\\/11\\\/los-gatos.jpg\",\"keywords\":[\"Cultura\",\"Madrid\",\"Ocio\"],\"articleSection\":[\"VIVIR MADRID\"],\"inLanguage\":\"es\"},{\"@type\":\"WebPage\",\"@id\":\"https:\\\/\\\/www.proinca.es\\\/madridfansblog\\\/miau-por-que-a-los-madrilenos-nos-llaman-gatos\\\/\",\"url\":\"https:\\\/\\\/www.proinca.es\\\/madridfansblog\\\/miau-por-que-a-los-madrilenos-nos-llaman-gatos\\\/\",\"name\":\"\u00bfPor qu\u00e9 a los madrile\u00f1os nos llaman gatos?\",\"isPartOf\":{\"@id\":\"https:\\\/\\\/www.proinca.es\\\/madridfansblog\\\/#website\"},\"primaryImageOfPage\":{\"@id\":\"https:\\\/\\\/www.proinca.es\\\/madridfansblog\\\/miau-por-que-a-los-madrilenos-nos-llaman-gatos\\\/#primaryimage\"},\"image\":{\"@id\":\"https:\\\/\\\/www.proinca.es\\\/madridfansblog\\\/miau-por-que-a-los-madrilenos-nos-llaman-gatos\\\/#primaryimage\"},\"thumbnailUrl\":\"https:\\\/\\\/www.proinca.es\\\/madridfansblog\\\/wp-content\\\/uploads\\\/2012\\\/11\\\/los-gatos.jpg\",\"datePublished\":\"2012-11-26T14:00:47+00:00\",\"dateModified\":\"2025-05-28T13:36:09+00:00\",\"description\":\"Interesante historia que se remonta al a\u00f1o 1.805 para saber por qu\u00e9 a los madrile\u00f1os les llaman gatos\",\"inLanguage\":\"es\",\"potentialAction\":[{\"@type\":\"ReadAction\",\"target\":[\"https:\\\/\\\/www.proinca.es\\\/madridfansblog\\\/miau-por-que-a-los-madrilenos-nos-llaman-gatos\\\/\"]}]},{\"@type\":\"ImageObject\",\"inLanguage\":\"es\",\"@id\":\"https:\\\/\\\/www.proinca.es\\\/madridfansblog\\\/miau-por-que-a-los-madrilenos-nos-llaman-gatos\\\/#primaryimage\",\"url\":\"https:\\\/\\\/www.proinca.es\\\/madridfansblog\\\/wp-content\\\/uploads\\\/2012\\\/11\\\/los-gatos.jpg\",\"contentUrl\":\"https:\\\/\\\/www.proinca.es\\\/madridfansblog\\\/wp-content\\\/uploads\\\/2012\\\/11\\\/los-gatos.jpg\",\"width\":1000,\"height\":864,\"caption\":\"Miau\u2026\u00bfpor qu\u00e9 a los madrile\u00f1os nos llaman gatos?\"},{\"@type\":\"WebSite\",\"@id\":\"https:\\\/\\\/www.proinca.es\\\/madridfansblog\\\/#website\",\"url\":\"https:\\\/\\\/www.proinca.es\\\/madridfansblog\\\/\",\"name\":\"Madrid Fans Blog Proinca\",\"description\":\"Pisos y apartamentos de alquiler en Madrid\",\"publisher\":{\"@id\":\"https:\\\/\\\/www.proinca.es\\\/madridfansblog\\\/#organization\"},\"potentialAction\":[{\"@type\":\"SearchAction\",\"target\":{\"@type\":\"EntryPoint\",\"urlTemplate\":\"https:\\\/\\\/www.proinca.es\\\/madridfansblog\\\/?s={search_term_string}\"},\"query-input\":{\"@type\":\"PropertyValueSpecification\",\"valueRequired\":true,\"valueName\":\"search_term_string\"}}],\"inLanguage\":\"es\"},{\"@type\":\"Organization\",\"@id\":\"https:\\\/\\\/www.proinca.es\\\/madridfansblog\\\/#organization\",\"name\":\"Proinca\",\"url\":\"https:\\\/\\\/www.proinca.es\\\/madridfansblog\\\/\",\"logo\":{\"@type\":\"ImageObject\",\"inLanguage\":\"es\",\"@id\":\"https:\\\/\\\/www.proinca.es\\\/madridfansblog\\\/#\\\/schema\\\/logo\\\/image\\\/\",\"url\":\"https:\\\/\\\/www.proinca.es\\\/madridfansblog\\\/wp-content\\\/uploads\\\/2022\\\/03\\\/logo-proinca.jpg\",\"contentUrl\":\"https:\\\/\\\/www.proinca.es\\\/madridfansblog\\\/wp-content\\\/uploads\\\/2022\\\/03\\\/logo-proinca.jpg\",\"width\":522,\"height\":250,\"caption\":\"Proinca\"},\"image\":{\"@id\":\"https:\\\/\\\/www.proinca.es\\\/madridfansblog\\\/#\\\/schema\\\/logo\\\/image\\\/\"}},{\"@type\":\"Person\",\"@id\":\"https:\\\/\\\/www.proinca.es\\\/madridfansblog\\\/#\\\/schema\\\/person\\\/8401adc89c0a0f5a3574c43326247f1e\",\"name\":\"Ana Calero\",\"image\":{\"@type\":\"ImageObject\",\"inLanguage\":\"es\",\"@id\":\"https:\\\/\\\/www.proinca.es\\\/madridfansblog\\\/wp-content\\\/litespeed\\\/avatar\\\/ef51b25c0718910f475570320941ef46.jpg?ver=1777379772\",\"url\":\"https:\\\/\\\/www.proinca.es\\\/madridfansblog\\\/wp-content\\\/litespeed\\\/avatar\\\/ef51b25c0718910f475570320941ef46.jpg?ver=1777379772\",\"contentUrl\":\"https:\\\/\\\/www.proinca.es\\\/madridfansblog\\\/wp-content\\\/litespeed\\\/avatar\\\/ef51b25c0718910f475570320941ef46.jpg?ver=1777379772\",\"caption\":\"Ana Calero\"},\"description\":\"Licenciada en Ciencias Empresariales por la Universidad Aut\u00f3noma de Madrid. Forma parte del equipo de Apartamentos Proinca y es una enamorada de Madrid\",\"sameAs\":[\"https:\\\/\\\/www.proinca.es\\\/madridfansblog\\\/ana-calero\\\/\"]}]}<\/script>\n<!-- \/ Yoast SEO plugin. -->","yoast_head_json":{"title":"\u00bfPor qu\u00e9 a los madrile\u00f1os nos llaman gatos?","description":"Interesante historia que se remonta al a\u00f1o 1.805 para saber por qu\u00e9 a los madrile\u00f1os les llaman gatos","robots":{"index":"index","follow":"follow","max-snippet":"max-snippet:-1","max-image-preview":"max-image-preview:large","max-video-preview":"max-video-preview:-1"},"canonical":"https:\/\/www.proinca.es\/madridfansblog\/miau-por-que-a-los-madrilenos-nos-llaman-gatos\/","og_locale":"es_ES","og_type":"article","og_title":"\u00bfPor qu\u00e9 a los madrile\u00f1os nos llaman gatos?","og_description":"Interesante historia que se remonta al a\u00f1o 1.805 para saber por qu\u00e9 a los madrile\u00f1os les llaman gatos","og_url":"https:\/\/www.proinca.es\/madridfansblog\/miau-por-que-a-los-madrilenos-nos-llaman-gatos\/","og_site_name":"Blog Proinca Madrid","article_published_time":"2012-11-26T14:00:47+00:00","article_modified_time":"2025-05-28T13:36:09+00:00","og_image":[{"width":1000,"height":864,"url":"https:\/\/www.proinca.es\/madridfansblog\/wp-content\/uploads\/2012\/11\/los-gatos.jpg","type":"image\/jpeg"}],"author":"Ana Calero","schema":{"@context":"https:\/\/schema.org","@graph":[{"@type":"Article","@id":"https:\/\/www.proinca.es\/madridfansblog\/miau-por-que-a-los-madrilenos-nos-llaman-gatos\/#article","isPartOf":{"@id":"https:\/\/www.proinca.es\/madridfansblog\/miau-por-que-a-los-madrilenos-nos-llaman-gatos\/"},"author":{"name":"Ana Calero","@id":"https:\/\/www.proinca.es\/madridfansblog\/#\/schema\/person\/8401adc89c0a0f5a3574c43326247f1e"},"headline":"MIAU&#8230;\u00bfPOR QU\u00c9 A LOS MADRILE\u00d1OS NOS LLAMAN GATOS?","datePublished":"2012-11-26T14:00:47+00:00","dateModified":"2025-05-28T13:36:09+00:00","mainEntityOfPage":{"@id":"https:\/\/www.proinca.es\/madridfansblog\/miau-por-que-a-los-madrilenos-nos-llaman-gatos\/"},"wordCount":195,"publisher":{"@id":"https:\/\/www.proinca.es\/madridfansblog\/#organization"},"image":{"@id":"https:\/\/www.proinca.es\/madridfansblog\/miau-por-que-a-los-madrilenos-nos-llaman-gatos\/#primaryimage"},"thumbnailUrl":"https:\/\/www.proinca.es\/madridfansblog\/wp-content\/uploads\/2012\/11\/los-gatos.jpg","keywords":["Cultura","Madrid","Ocio"],"articleSection":["VIVIR MADRID"],"inLanguage":"es"},{"@type":"WebPage","@id":"https:\/\/www.proinca.es\/madridfansblog\/miau-por-que-a-los-madrilenos-nos-llaman-gatos\/","url":"https:\/\/www.proinca.es\/madridfansblog\/miau-por-que-a-los-madrilenos-nos-llaman-gatos\/","name":"\u00bfPor qu\u00e9 a los madrile\u00f1os nos llaman gatos?","isPartOf":{"@id":"https:\/\/www.proinca.es\/madridfansblog\/#website"},"primaryImageOfPage":{"@id":"https:\/\/www.proinca.es\/madridfansblog\/miau-por-que-a-los-madrilenos-nos-llaman-gatos\/#primaryimage"},"image":{"@id":"https:\/\/www.proinca.es\/madridfansblog\/miau-por-que-a-los-madrilenos-nos-llaman-gatos\/#primaryimage"},"thumbnailUrl":"https:\/\/www.proinca.es\/madridfansblog\/wp-content\/uploads\/2012\/11\/los-gatos.jpg","datePublished":"2012-11-26T14:00:47+00:00","dateModified":"2025-05-28T13:36:09+00:00","description":"Interesante historia que se remonta al a\u00f1o 1.805 para saber por qu\u00e9 a los madrile\u00f1os les llaman gatos","inLanguage":"es","potentialAction":[{"@type":"ReadAction","target":["https:\/\/www.proinca.es\/madridfansblog\/miau-por-que-a-los-madrilenos-nos-llaman-gatos\/"]}]},{"@type":"ImageObject","inLanguage":"es","@id":"https:\/\/www.proinca.es\/madridfansblog\/miau-por-que-a-los-madrilenos-nos-llaman-gatos\/#primaryimage","url":"https:\/\/www.proinca.es\/madridfansblog\/wp-content\/uploads\/2012\/11\/los-gatos.jpg","contentUrl":"https:\/\/www.proinca.es\/madridfansblog\/wp-content\/uploads\/2012\/11\/los-gatos.jpg","width":1000,"height":864,"caption":"Miau\u2026\u00bfpor qu\u00e9 a los madrile\u00f1os nos llaman gatos?"},{"@type":"WebSite","@id":"https:\/\/www.proinca.es\/madridfansblog\/#website","url":"https:\/\/www.proinca.es\/madridfansblog\/","name":"Madrid Fans Blog Proinca","description":"Pisos y apartamentos de alquiler en Madrid","publisher":{"@id":"https:\/\/www.proinca.es\/madridfansblog\/#organization"},"potentialAction":[{"@type":"SearchAction","target":{"@type":"EntryPoint","urlTemplate":"https:\/\/www.proinca.es\/madridfansblog\/?s={search_term_string}"},"query-input":{"@type":"PropertyValueSpecification","valueRequired":true,"valueName":"search_term_string"}}],"inLanguage":"es"},{"@type":"Organization","@id":"https:\/\/www.proinca.es\/madridfansblog\/#organization","name":"Proinca","url":"https:\/\/www.proinca.es\/madridfansblog\/","logo":{"@type":"ImageObject","inLanguage":"es","@id":"https:\/\/www.proinca.es\/madridfansblog\/#\/schema\/logo\/image\/","url":"https:\/\/www.proinca.es\/madridfansblog\/wp-content\/uploads\/2022\/03\/logo-proinca.jpg","contentUrl":"https:\/\/www.proinca.es\/madridfansblog\/wp-content\/uploads\/2022\/03\/logo-proinca.jpg","width":522,"height":250,"caption":"Proinca"},"image":{"@id":"https:\/\/www.proinca.es\/madridfansblog\/#\/schema\/logo\/image\/"}},{"@type":"Person","@id":"https:\/\/www.proinca.es\/madridfansblog\/#\/schema\/person\/8401adc89c0a0f5a3574c43326247f1e","name":"Ana Calero","image":{"@type":"ImageObject","inLanguage":"es","@id":"https:\/\/www.proinca.es\/madridfansblog\/wp-content\/litespeed\/avatar\/ef51b25c0718910f475570320941ef46.jpg?ver=1777379772","url":"https:\/\/www.proinca.es\/madridfansblog\/wp-content\/litespeed\/avatar\/ef51b25c0718910f475570320941ef46.jpg?ver=1777379772","contentUrl":"https:\/\/www.proinca.es\/madridfansblog\/wp-content\/litespeed\/avatar\/ef51b25c0718910f475570320941ef46.jpg?ver=1777379772","caption":"Ana Calero"},"description":"Licenciada en Ciencias Empresariales por la Universidad Aut\u00f3noma de Madrid. Forma parte del equipo de Apartamentos Proinca y es una enamorada de Madrid","sameAs":["https:\/\/www.proinca.es\/madridfansblog\/ana-calero\/"]}]}},"_links":{"self":[{"href":"https:\/\/www.proinca.es\/madridfansblog\/wp-json\/wp\/v2\/posts\/850","targetHints":{"allow":["GET"]}}],"collection":[{"href":"https:\/\/www.proinca.es\/madridfansblog\/wp-json\/wp\/v2\/posts"}],"about":[{"href":"https:\/\/www.proinca.es\/madridfansblog\/wp-json\/wp\/v2\/types\/post"}],"author":[{"embeddable":true,"href":"https:\/\/www.proinca.es\/madridfansblog\/wp-json\/wp\/v2\/users\/4"}],"replies":[{"embeddable":true,"href":"https:\/\/www.proinca.es\/madridfansblog\/wp-json\/wp\/v2\/comments?post=850"}],"version-history":[{"count":14,"href":"https:\/\/www.proinca.es\/madridfansblog\/wp-json\/wp\/v2\/posts\/850\/revisions"}],"predecessor-version":[{"id":7582,"href":"https:\/\/www.proinca.es\/madridfansblog\/wp-json\/wp\/v2\/posts\/850\/revisions\/7582"}],"wp:featuredmedia":[{"embeddable":true,"href":"https:\/\/www.proinca.es\/madridfansblog\/wp-json\/wp\/v2\/media\/7021"}],"wp:attachment":[{"href":"https:\/\/www.proinca.es\/madridfansblog\/wp-json\/wp\/v2\/media?parent=850"}],"wp:term":[{"taxonomy":"category","embeddable":true,"href":"https:\/\/www.proinca.es\/madridfansblog\/wp-json\/wp\/v2\/categories?post=850"},{"taxonomy":"post_tag","embeddable":true,"href":"https:\/\/www.proinca.es\/madridfansblog\/wp-json\/wp\/v2\/tags?post=850"}],"curies":[{"name":"wp","href":"https:\/\/api.w.org\/{rel}","templated":true}]}}