{"id":879,"date":"2012-12-03T10:30:47","date_gmt":"2012-12-03T09:30:47","guid":{"rendered":"http:\/\/www.proinca.es\/madridfansblog\/?p=879"},"modified":"2025-05-28T15:36:19","modified_gmt":"2025-05-28T13:36:19","slug":"una-piramide-en-el-parque-juan-carlos-i","status":"publish","type":"post","link":"https:\/\/www.proinca.es\/madridfansblog\/una-piramide-en-el-parque-juan-carlos-i\/","title":{"rendered":"UNA PIR\u00c1MIDE EN EL PARQUE JUAN CARLOS I"},"content":{"rendered":"<p style=\"text-align: left;\" align=\"center\">Si paseas un d\u00eda por el Parque Juan Carlos I y de pronto ves a lo lejos algo as\u00ed como una pir\u00e1mide un tanto extra\u00f1a, de color oscuro, brillante con el sol\u2026, <!--more-->enseguida te das cuenta de que no se trata de un hallazgo arqueol\u00f3gico con m\u00e1s de 4.000 a\u00f1os de vida como las pir\u00e1mides de Egipto, si no de un monumento futurista o incluso una nave espacial aterrizada hace unos d\u00edas&#8230;<\/p>\n<p style=\"text-align: left;\" align=\"center\">Con esa inquietud, tratas de informarte y descubres que, desde el a\u00f1o 2.008, el Parque Juan Carlos I de Madrid est\u00e1 implantando una serie de medidas de cara a conseguir una adecuada eficiencia energ\u00e9tica, sustituyendo la flota de veh\u00edculos diesel por otra de propulsi\u00f3n el\u00e9ctrica e implementando toda una serie de mejoras en la instalaci\u00f3n el\u00e9ctrica del Parque.<\/p>\n<p style=\"text-align: left;\" align=\"center\">Se ha construido una <strong>Pir\u00e1mide Solar\u00a0en Madrid<\/strong> como medio para guardar a los veh\u00edculos que componen la flota, a la vez que proporciona la energ\u00eda el\u00e9ctrica necesaria para su funcionamiento.<\/p>\n<p style=\"text-align: left;\" align=\"center\">De 38 metros de arista en la base y de 18 metros de altura en su c\u00faspide, la pir\u00e1mide est\u00e1 forrada en sus caras por un muro cortina de paneles fotovoltaicos. La energ\u00eda solar captada durante el d\u00eda con sus 1030 paneles se transforma en energ\u00eda el\u00e9ctrica por medio de unos inversores en corriente continua. Al final de la jornada de trabajo, los casi 50 <strong>veh\u00edculos el\u00e9ctricos<\/strong> que conforman la flota de mantenimiento del parque recargan sus bater\u00edas utilizando la energ\u00eda almacenada.<\/p>\n<p style=\"text-align: left;\" align=\"center\">Con ello, adem\u00e1s de permitir la autosuficiencia energ\u00e9tica para los medios de transporte del Parque, la construcci\u00f3n de la Pir\u00e1mide Solar a\u00f1ade otro hito arquitect\u00f3nico en el vanguardista paisaje del parque.<\/p>\n<p style=\"text-align: left;\" align=\"center\">Hoy, a estos veh\u00edculos del parque, se siguen sumando nuevos veh\u00edculos el\u00e9ctricos que incrementan el conjunto de la flota municipal del Ayuntamiento: 178 veh\u00edculos circulando por <strong>Madrid<\/strong> -autobuses, veh\u00edculos de vigilancia y movilidad o de medio ambiente-, a la que ahora se han agregado dos nuevos SEAT Altea, cien por cien el\u00e9ctricos, cedidos por esa marca y que durante tres meses se convertir\u00e1n en banco de pruebas para este modelo.<\/p>\n<p style=\"text-align: left;\" align=\"center\">La alcaldesa de <strong>Madrid<\/strong>, Ana Botella, recibi\u00f3 los coches de manos del vicepresidente de SEAT, Ram\u00f3n Paredes, en un acto que tuvo como escenario precisamente esta singular Pir\u00e1mide Solar\u2026 \u00a1Qu\u00e9 cosas!<\/p>\n<p>\u00a0<strong><em>Antonio Mozas<\/em><\/strong><\/p>\n\n\n<div class=\"kk-star-ratings kksr-auto kksr-align-left kksr-valign-bottom\"\n    data-payload='{&quot;align&quot;:&quot;left&quot;,&quot;id&quot;:&quot;879&quot;,&quot;slug&quot;:&quot;default&quot;,&quot;valign&quot;:&quot;bottom&quot;,&quot;ignore&quot;:&quot;&quot;,&quot;reference&quot;:&quot;auto&quot;,&quot;class&quot;:&quot;&quot;,&quot;count&quot;:&quot;1&quot;,&quot;legendonly&quot;:&quot;&quot;,&quot;readonly&quot;:&quot;&quot;,&quot;score&quot;:&quot;5&quot;,&quot;starsonly&quot;:&quot;&quot;,&quot;best&quot;:&quot;5&quot;,&quot;gap&quot;:&quot;1&quot;,&quot;greet&quot;:&quot;Valora este art\u00edculo&quot;,&quot;legend&quot;:&quot;5\\\/5 - (1 voto)&quot;,&quot;size&quot;:&quot;24&quot;,&quot;title&quot;:&quot;UNA PIR\u00c1MIDE EN EL PARQUE JUAN CARLOS I&quot;,&quot;width&quot;:&quot;124.5&quot;,&quot;_legend&quot;:&quot;{score}\\\/{best} - ({count} {votes})&quot;,&quot;font_factor&quot;:&quot;1.25&quot;}'>\n            \n<div class=\"kksr-stars\">\n    \n<div class=\"kksr-stars-inactive\">\n            <div class=\"kksr-star\" data-star=\"1\" style=\"padding-right: 1px\">\n            \n\n<div class=\"kksr-icon\" style=\"width: 24px; height: 24px;\"><\/div>\n        <\/div>\n            <div class=\"kksr-star\" data-star=\"2\" style=\"padding-right: 1px\">\n            \n\n<div class=\"kksr-icon\" style=\"width: 24px; height: 24px;\"><\/div>\n        <\/div>\n            <div class=\"kksr-star\" data-star=\"3\" style=\"padding-right: 1px\">\n            \n\n<div class=\"kksr-icon\" style=\"width: 24px; height: 24px;\"><\/div>\n        <\/div>\n            <div class=\"kksr-star\" data-star=\"4\" style=\"padding-right: 1px\">\n            \n\n<div class=\"kksr-icon\" style=\"width: 24px; height: 24px;\"><\/div>\n        <\/div>\n            <div class=\"kksr-star\" data-star=\"5\" style=\"padding-right: 1px\">\n            \n\n<div class=\"kksr-icon\" style=\"width: 24px; height: 24px;\"><\/div>\n        <\/div>\n    <\/div>\n    \n<div class=\"kksr-stars-active\" style=\"width: 124.5px;\">\n            <div class=\"kksr-star\" style=\"padding-right: 1px\">\n            \n\n<div class=\"kksr-icon\" style=\"width: 24px; height: 24px;\"><\/div>\n        <\/div>\n            <div class=\"kksr-star\" style=\"padding-right: 1px\">\n            \n\n<div class=\"kksr-icon\" style=\"width: 24px; height: 24px;\"><\/div>\n        <\/div>\n            <div class=\"kksr-star\" style=\"padding-right: 1px\">\n            \n\n<div class=\"kksr-icon\" style=\"width: 24px; height: 24px;\"><\/div>\n        <\/div>\n            <div class=\"kksr-star\" style=\"padding-right: 1px\">\n            \n\n<div class=\"kksr-icon\" style=\"width: 24px; height: 24px;\"><\/div>\n        <\/div>\n            <div class=\"kksr-star\" style=\"padding-right: 1px\">\n            \n\n<div class=\"kksr-icon\" style=\"width: 24px; height: 24px;\"><\/div>\n        <\/div>\n    <\/div>\n<\/div>\n                \n\n<div class=\"kksr-legend\" style=\"font-size: 19.2px;\">\n            5\/5 - (1 voto)    <\/div>\n    <\/div>\n","protected":false},"excerpt":{"rendered":"<p>Si paseas un d\u00eda por el Parque Juan Carlos I  [&#8230;]<\/p>\n","protected":false},"author":4,"featured_media":0,"comment_status":"closed","ping_status":"closed","sticky":false,"template":"","format":"standard","meta":{"footnotes":""},"categories":[79],"tags":[],"class_list":["post-879","post","type-post","status-publish","format-standard","hentry","category-vivir-madrid"],"yoast_head":"<!-- This site is optimized with the Yoast SEO plugin v27.4 - https:\/\/yoast.com\/product\/yoast-seo-wordpress\/ -->\n<title>Pir\u00e1mide solar en Madrid para proporcionar energ\u00eda el\u00e9ctrica<\/title>\n<meta name=\"description\" content=\"Se ha construido una pir\u00e1mide solar en Madrid, en el Parque Juan Carlos I que proporciona energ\u00eda el\u00e9ctrica a la flota de veh\u00edculos el\u00e9ctricos de mantenimiento del parque\" \/>\n<meta name=\"robots\" content=\"index, follow, max-snippet:-1, max-image-preview:large, max-video-preview:-1\" \/>\n<link rel=\"canonical\" href=\"https:\/\/www.proinca.es\/madridfansblog\/una-piramide-en-el-parque-juan-carlos-i\/\" \/>\n<meta property=\"og:locale\" content=\"es_ES\" \/>\n<meta property=\"og:type\" content=\"article\" \/>\n<meta property=\"og:title\" content=\"Pir\u00e1mide solar en Madrid para proporcionar energ\u00eda el\u00e9ctrica\" \/>\n<meta property=\"og:description\" content=\"Se ha construido una pir\u00e1mide solar en Madrid, en el Parque Juan Carlos I que proporciona energ\u00eda el\u00e9ctrica a la flota de veh\u00edculos el\u00e9ctricos de mantenimiento del parque\" \/>\n<meta property=\"og:url\" content=\"https:\/\/www.proinca.es\/madridfansblog\/una-piramide-en-el-parque-juan-carlos-i\/\" \/>\n<meta property=\"og:site_name\" content=\"Blog Proinca Madrid\" \/>\n<meta property=\"article:published_time\" content=\"2012-12-03T09:30:47+00:00\" \/>\n<meta property=\"article:modified_time\" content=\"2025-05-28T13:36:19+00:00\" \/>\n<meta name=\"author\" content=\"Ana Calero\" \/>\n<script type=\"application\/ld+json\" class=\"yoast-schema-graph\">{\"@context\":\"https:\\\/\\\/schema.org\",\"@graph\":[{\"@type\":\"Article\",\"@id\":\"https:\\\/\\\/www.proinca.es\\\/madridfansblog\\\/una-piramide-en-el-parque-juan-carlos-i\\\/#article\",\"isPartOf\":{\"@id\":\"https:\\\/\\\/www.proinca.es\\\/madridfansblog\\\/una-piramide-en-el-parque-juan-carlos-i\\\/\"},\"author\":{\"name\":\"Ana Calero\",\"@id\":\"https:\\\/\\\/www.proinca.es\\\/madridfansblog\\\/#\\\/schema\\\/person\\\/8401adc89c0a0f5a3574c43326247f1e\"},\"headline\":\"UNA PIR\u00c1MIDE EN EL PARQUE JUAN CARLOS I\",\"datePublished\":\"2012-12-03T09:30:47+00:00\",\"dateModified\":\"2025-05-28T13:36:19+00:00\",\"mainEntityOfPage\":{\"@id\":\"https:\\\/\\\/www.proinca.es\\\/madridfansblog\\\/una-piramide-en-el-parque-juan-carlos-i\\\/\"},\"wordCount\":423,\"publisher\":{\"@id\":\"https:\\\/\\\/www.proinca.es\\\/madridfansblog\\\/#organization\"},\"articleSection\":[\"VIVIR MADRID\"],\"inLanguage\":\"es\"},{\"@type\":\"WebPage\",\"@id\":\"https:\\\/\\\/www.proinca.es\\\/madridfansblog\\\/una-piramide-en-el-parque-juan-carlos-i\\\/\",\"url\":\"https:\\\/\\\/www.proinca.es\\\/madridfansblog\\\/una-piramide-en-el-parque-juan-carlos-i\\\/\",\"name\":\"Pir\u00e1mide solar en Madrid para proporcionar energ\u00eda el\u00e9ctrica\",\"isPartOf\":{\"@id\":\"https:\\\/\\\/www.proinca.es\\\/madridfansblog\\\/#website\"},\"datePublished\":\"2012-12-03T09:30:47+00:00\",\"dateModified\":\"2025-05-28T13:36:19+00:00\",\"description\":\"Se ha construido una pir\u00e1mide solar en Madrid, en el Parque Juan Carlos I que proporciona energ\u00eda el\u00e9ctrica a la flota de veh\u00edculos el\u00e9ctricos de mantenimiento del parque\",\"inLanguage\":\"es\",\"potentialAction\":[{\"@type\":\"ReadAction\",\"target\":[\"https:\\\/\\\/www.proinca.es\\\/madridfansblog\\\/una-piramide-en-el-parque-juan-carlos-i\\\/\"]}]},{\"@type\":\"WebSite\",\"@id\":\"https:\\\/\\\/www.proinca.es\\\/madridfansblog\\\/#website\",\"url\":\"https:\\\/\\\/www.proinca.es\\\/madridfansblog\\\/\",\"name\":\"Madrid Fans Blog Proinca\",\"description\":\"Pisos y apartamentos de alquiler en Madrid\",\"publisher\":{\"@id\":\"https:\\\/\\\/www.proinca.es\\\/madridfansblog\\\/#organization\"},\"potentialAction\":[{\"@type\":\"SearchAction\",\"target\":{\"@type\":\"EntryPoint\",\"urlTemplate\":\"https:\\\/\\\/www.proinca.es\\\/madridfansblog\\\/?s={search_term_string}\"},\"query-input\":{\"@type\":\"PropertyValueSpecification\",\"valueRequired\":true,\"valueName\":\"search_term_string\"}}],\"inLanguage\":\"es\"},{\"@type\":\"Organization\",\"@id\":\"https:\\\/\\\/www.proinca.es\\\/madridfansblog\\\/#organization\",\"name\":\"Proinca\",\"url\":\"https:\\\/\\\/www.proinca.es\\\/madridfansblog\\\/\",\"logo\":{\"@type\":\"ImageObject\",\"inLanguage\":\"es\",\"@id\":\"https:\\\/\\\/www.proinca.es\\\/madridfansblog\\\/#\\\/schema\\\/logo\\\/image\\\/\",\"url\":\"https:\\\/\\\/www.proinca.es\\\/madridfansblog\\\/wp-content\\\/uploads\\\/2022\\\/03\\\/logo-proinca.jpg\",\"contentUrl\":\"https:\\\/\\\/www.proinca.es\\\/madridfansblog\\\/wp-content\\\/uploads\\\/2022\\\/03\\\/logo-proinca.jpg\",\"width\":522,\"height\":250,\"caption\":\"Proinca\"},\"image\":{\"@id\":\"https:\\\/\\\/www.proinca.es\\\/madridfansblog\\\/#\\\/schema\\\/logo\\\/image\\\/\"}},{\"@type\":\"Person\",\"@id\":\"https:\\\/\\\/www.proinca.es\\\/madridfansblog\\\/#\\\/schema\\\/person\\\/8401adc89c0a0f5a3574c43326247f1e\",\"name\":\"Ana Calero\",\"image\":{\"@type\":\"ImageObject\",\"inLanguage\":\"es\",\"@id\":\"https:\\\/\\\/www.proinca.es\\\/madridfansblog\\\/wp-content\\\/litespeed\\\/avatar\\\/ef51b25c0718910f475570320941ef46.jpg?ver=1777379772\",\"url\":\"https:\\\/\\\/www.proinca.es\\\/madridfansblog\\\/wp-content\\\/litespeed\\\/avatar\\\/ef51b25c0718910f475570320941ef46.jpg?ver=1777379772\",\"contentUrl\":\"https:\\\/\\\/www.proinca.es\\\/madridfansblog\\\/wp-content\\\/litespeed\\\/avatar\\\/ef51b25c0718910f475570320941ef46.jpg?ver=1777379772\",\"caption\":\"Ana Calero\"},\"description\":\"Licenciada en Ciencias Empresariales por la Universidad Aut\u00f3noma de Madrid. Forma parte del equipo de Apartamentos Proinca y es una enamorada de Madrid\",\"sameAs\":[\"https:\\\/\\\/www.proinca.es\\\/madridfansblog\\\/ana-calero\\\/\"]}]}<\/script>\n<!-- \/ Yoast SEO plugin. -->","yoast_head_json":{"title":"Pir\u00e1mide solar en Madrid para proporcionar energ\u00eda el\u00e9ctrica","description":"Se ha construido una pir\u00e1mide solar en Madrid, en el Parque Juan Carlos I que proporciona energ\u00eda el\u00e9ctrica a la flota de veh\u00edculos el\u00e9ctricos de mantenimiento del parque","robots":{"index":"index","follow":"follow","max-snippet":"max-snippet:-1","max-image-preview":"max-image-preview:large","max-video-preview":"max-video-preview:-1"},"canonical":"https:\/\/www.proinca.es\/madridfansblog\/una-piramide-en-el-parque-juan-carlos-i\/","og_locale":"es_ES","og_type":"article","og_title":"Pir\u00e1mide solar en Madrid para proporcionar energ\u00eda el\u00e9ctrica","og_description":"Se ha construido una pir\u00e1mide solar en Madrid, en el Parque Juan Carlos I que proporciona energ\u00eda el\u00e9ctrica a la flota de veh\u00edculos el\u00e9ctricos de mantenimiento del parque","og_url":"https:\/\/www.proinca.es\/madridfansblog\/una-piramide-en-el-parque-juan-carlos-i\/","og_site_name":"Blog Proinca Madrid","article_published_time":"2012-12-03T09:30:47+00:00","article_modified_time":"2025-05-28T13:36:19+00:00","author":"Ana Calero","schema":{"@context":"https:\/\/schema.org","@graph":[{"@type":"Article","@id":"https:\/\/www.proinca.es\/madridfansblog\/una-piramide-en-el-parque-juan-carlos-i\/#article","isPartOf":{"@id":"https:\/\/www.proinca.es\/madridfansblog\/una-piramide-en-el-parque-juan-carlos-i\/"},"author":{"name":"Ana Calero","@id":"https:\/\/www.proinca.es\/madridfansblog\/#\/schema\/person\/8401adc89c0a0f5a3574c43326247f1e"},"headline":"UNA PIR\u00c1MIDE EN EL PARQUE JUAN CARLOS I","datePublished":"2012-12-03T09:30:47+00:00","dateModified":"2025-05-28T13:36:19+00:00","mainEntityOfPage":{"@id":"https:\/\/www.proinca.es\/madridfansblog\/una-piramide-en-el-parque-juan-carlos-i\/"},"wordCount":423,"publisher":{"@id":"https:\/\/www.proinca.es\/madridfansblog\/#organization"},"articleSection":["VIVIR MADRID"],"inLanguage":"es"},{"@type":"WebPage","@id":"https:\/\/www.proinca.es\/madridfansblog\/una-piramide-en-el-parque-juan-carlos-i\/","url":"https:\/\/www.proinca.es\/madridfansblog\/una-piramide-en-el-parque-juan-carlos-i\/","name":"Pir\u00e1mide solar en Madrid para proporcionar energ\u00eda el\u00e9ctrica","isPartOf":{"@id":"https:\/\/www.proinca.es\/madridfansblog\/#website"},"datePublished":"2012-12-03T09:30:47+00:00","dateModified":"2025-05-28T13:36:19+00:00","description":"Se ha construido una pir\u00e1mide solar en Madrid, en el Parque Juan Carlos I que proporciona energ\u00eda el\u00e9ctrica a la flota de veh\u00edculos el\u00e9ctricos de mantenimiento del parque","inLanguage":"es","potentialAction":[{"@type":"ReadAction","target":["https:\/\/www.proinca.es\/madridfansblog\/una-piramide-en-el-parque-juan-carlos-i\/"]}]},{"@type":"WebSite","@id":"https:\/\/www.proinca.es\/madridfansblog\/#website","url":"https:\/\/www.proinca.es\/madridfansblog\/","name":"Madrid Fans Blog Proinca","description":"Pisos y apartamentos de alquiler en Madrid","publisher":{"@id":"https:\/\/www.proinca.es\/madridfansblog\/#organization"},"potentialAction":[{"@type":"SearchAction","target":{"@type":"EntryPoint","urlTemplate":"https:\/\/www.proinca.es\/madridfansblog\/?s={search_term_string}"},"query-input":{"@type":"PropertyValueSpecification","valueRequired":true,"valueName":"search_term_string"}}],"inLanguage":"es"},{"@type":"Organization","@id":"https:\/\/www.proinca.es\/madridfansblog\/#organization","name":"Proinca","url":"https:\/\/www.proinca.es\/madridfansblog\/","logo":{"@type":"ImageObject","inLanguage":"es","@id":"https:\/\/www.proinca.es\/madridfansblog\/#\/schema\/logo\/image\/","url":"https:\/\/www.proinca.es\/madridfansblog\/wp-content\/uploads\/2022\/03\/logo-proinca.jpg","contentUrl":"https:\/\/www.proinca.es\/madridfansblog\/wp-content\/uploads\/2022\/03\/logo-proinca.jpg","width":522,"height":250,"caption":"Proinca"},"image":{"@id":"https:\/\/www.proinca.es\/madridfansblog\/#\/schema\/logo\/image\/"}},{"@type":"Person","@id":"https:\/\/www.proinca.es\/madridfansblog\/#\/schema\/person\/8401adc89c0a0f5a3574c43326247f1e","name":"Ana Calero","image":{"@type":"ImageObject","inLanguage":"es","@id":"https:\/\/www.proinca.es\/madridfansblog\/wp-content\/litespeed\/avatar\/ef51b25c0718910f475570320941ef46.jpg?ver=1777379772","url":"https:\/\/www.proinca.es\/madridfansblog\/wp-content\/litespeed\/avatar\/ef51b25c0718910f475570320941ef46.jpg?ver=1777379772","contentUrl":"https:\/\/www.proinca.es\/madridfansblog\/wp-content\/litespeed\/avatar\/ef51b25c0718910f475570320941ef46.jpg?ver=1777379772","caption":"Ana Calero"},"description":"Licenciada en Ciencias Empresariales por la Universidad Aut\u00f3noma de Madrid. Forma parte del equipo de Apartamentos Proinca y es una enamorada de Madrid","sameAs":["https:\/\/www.proinca.es\/madridfansblog\/ana-calero\/"]}]}},"_links":{"self":[{"href":"https:\/\/www.proinca.es\/madridfansblog\/wp-json\/wp\/v2\/posts\/879","targetHints":{"allow":["GET"]}}],"collection":[{"href":"https:\/\/www.proinca.es\/madridfansblog\/wp-json\/wp\/v2\/posts"}],"about":[{"href":"https:\/\/www.proinca.es\/madridfansblog\/wp-json\/wp\/v2\/types\/post"}],"author":[{"embeddable":true,"href":"https:\/\/www.proinca.es\/madridfansblog\/wp-json\/wp\/v2\/users\/4"}],"replies":[{"embeddable":true,"href":"https:\/\/www.proinca.es\/madridfansblog\/wp-json\/wp\/v2\/comments?post=879"}],"version-history":[{"count":21,"href":"https:\/\/www.proinca.es\/madridfansblog\/wp-json\/wp\/v2\/posts\/879\/revisions"}],"predecessor-version":[{"id":7703,"href":"https:\/\/www.proinca.es\/madridfansblog\/wp-json\/wp\/v2\/posts\/879\/revisions\/7703"}],"wp:attachment":[{"href":"https:\/\/www.proinca.es\/madridfansblog\/wp-json\/wp\/v2\/media?parent=879"}],"wp:term":[{"taxonomy":"category","embeddable":true,"href":"https:\/\/www.proinca.es\/madridfansblog\/wp-json\/wp\/v2\/categories?post=879"},{"taxonomy":"post_tag","embeddable":true,"href":"https:\/\/www.proinca.es\/madridfansblog\/wp-json\/wp\/v2\/tags?post=879"}],"curies":[{"name":"wp","href":"https:\/\/api.w.org\/{rel}","templated":true}]}}