{"id":978,"date":"2012-12-13T12:05:25","date_gmt":"2012-12-13T11:05:25","guid":{"rendered":"http:\/\/www.proinca.es\/madridfansblog\/?p=978"},"modified":"2025-05-28T15:49:27","modified_gmt":"2025-05-28T13:49:27","slug":"photowalks-otra-forma-de-ver-madrid","status":"publish","type":"post","link":"https:\/\/www.proinca.es\/madridfansblog\/photowalks-otra-forma-de-ver-madrid\/","title":{"rendered":"PHOTOWALKS. OTRA FORMA DE VER MADRID"},"content":{"rendered":"<p>Cualquier ciudad gana en magia y voluptuosidad si es vista a trav\u00e9s de la lente de una c\u00e1mara fotogr\u00e1fica. Y <strong>Madrid<\/strong>, urbe ic\u00f3nica donde las haya, no pod\u00eda ser menos.<!--more--> Tras el objetivo, rincones cotidianos de La Latina o la Gran V\u00eda adquieren una nueva apariencia misteriosa, sugerente o conmovedora. Precisamente para vislumbrar las ciudades desde \u00e1ngulos m\u00e1s inspiradores nacieron los <strong>Photowalks<\/strong>.<\/p>\n<p>Esta iniciativa, surgida en Estados Unidos, se basa en el encuentro de un grupo de aficionados y profesionales de la fotograf\u00eda que se re\u00fanen para realizar un itinerario por la ciudad e ir captando instant\u00e1neas de aquello que les inspira. No se trata simplemente de \u201csalir a hacer fotos\u201d, sino de disfrutar de las vistas urbanas y la compa\u00f1\u00eda del resto de participantes, conocer un poco m\u00e1s de la ciudad y, de paso, aprender algunos trucos de fotograf\u00eda.<\/p>\n<p>Los <strong>Photowalks\u00a0en Madrid\u00a0<\/strong>suelen ser gratuitos y para realizar uno basta con que el organizador del evento anuncie una hora y un punto de partida, y proponga la ruta a seguir por la ciudad. Este trazado debe estar pensado para aprovechar al m\u00e1ximo los cambios de luz que se dan a lo largo del d\u00eda y el ritmo urbano.<\/p>\n<p>La mayor\u00eda de Photowalks que se organizan en Madrid son puestos en marcha por escuelas de fotograf\u00eda de la capital. Este es el caso de uno de los Photowalks m\u00e1s conocidos, el organizado por la escuela Xataka Foto, que desde hace un par de a\u00f1os pone en marcha un <strong>Photowalk navide\u00f1o en Madrid<\/strong>, pensado para captar la atm\u00f3sfera festiva y luminosa que impregna la ciudad en estas fechas.<\/p>\n<p>Foto de S\u00e9bastien Bourguet en Unsplash<\/p>\n\n\n<div class=\"kk-star-ratings kksr-auto kksr-align-left kksr-valign-bottom\"\n    data-payload='{&quot;align&quot;:&quot;left&quot;,&quot;id&quot;:&quot;978&quot;,&quot;slug&quot;:&quot;default&quot;,&quot;valign&quot;:&quot;bottom&quot;,&quot;ignore&quot;:&quot;&quot;,&quot;reference&quot;:&quot;auto&quot;,&quot;class&quot;:&quot;&quot;,&quot;count&quot;:&quot;0&quot;,&quot;legendonly&quot;:&quot;&quot;,&quot;readonly&quot;:&quot;&quot;,&quot;score&quot;:&quot;0&quot;,&quot;starsonly&quot;:&quot;&quot;,&quot;best&quot;:&quot;5&quot;,&quot;gap&quot;:&quot;1&quot;,&quot;greet&quot;:&quot;Valora este art\u00edculo&quot;,&quot;legend&quot;:&quot;0\\\/5 - (0 votos)&quot;,&quot;size&quot;:&quot;24&quot;,&quot;title&quot;:&quot;PHOTOWALKS. OTRA FORMA DE VER MADRID&quot;,&quot;width&quot;:&quot;0&quot;,&quot;_legend&quot;:&quot;{score}\\\/{best} - ({count} {votes})&quot;,&quot;font_factor&quot;:&quot;1.25&quot;}'>\n            \n<div class=\"kksr-stars\">\n    \n<div class=\"kksr-stars-inactive\">\n            <div class=\"kksr-star\" data-star=\"1\" style=\"padding-right: 1px\">\n            \n\n<div class=\"kksr-icon\" style=\"width: 24px; height: 24px;\"><\/div>\n        <\/div>\n            <div class=\"kksr-star\" data-star=\"2\" style=\"padding-right: 1px\">\n            \n\n<div class=\"kksr-icon\" style=\"width: 24px; height: 24px;\"><\/div>\n        <\/div>\n            <div class=\"kksr-star\" data-star=\"3\" style=\"padding-right: 1px\">\n            \n\n<div class=\"kksr-icon\" style=\"width: 24px; height: 24px;\"><\/div>\n        <\/div>\n            <div class=\"kksr-star\" data-star=\"4\" style=\"padding-right: 1px\">\n            \n\n<div class=\"kksr-icon\" style=\"width: 24px; height: 24px;\"><\/div>\n        <\/div>\n            <div class=\"kksr-star\" data-star=\"5\" style=\"padding-right: 1px\">\n            \n\n<div class=\"kksr-icon\" style=\"width: 24px; height: 24px;\"><\/div>\n        <\/div>\n    <\/div>\n    \n<div class=\"kksr-stars-active\" style=\"width: 0px;\">\n            <div class=\"kksr-star\" style=\"padding-right: 1px\">\n            \n\n<div class=\"kksr-icon\" style=\"width: 24px; height: 24px;\"><\/div>\n        <\/div>\n            <div class=\"kksr-star\" style=\"padding-right: 1px\">\n            \n\n<div class=\"kksr-icon\" style=\"width: 24px; height: 24px;\"><\/div>\n        <\/div>\n            <div class=\"kksr-star\" style=\"padding-right: 1px\">\n            \n\n<div class=\"kksr-icon\" style=\"width: 24px; height: 24px;\"><\/div>\n        <\/div>\n            <div class=\"kksr-star\" style=\"padding-right: 1px\">\n            \n\n<div class=\"kksr-icon\" style=\"width: 24px; height: 24px;\"><\/div>\n        <\/div>\n            <div class=\"kksr-star\" style=\"padding-right: 1px\">\n            \n\n<div class=\"kksr-icon\" style=\"width: 24px; height: 24px;\"><\/div>\n        <\/div>\n    <\/div>\n<\/div>\n                \n\n<div class=\"kksr-legend\" style=\"font-size: 19.2px;\">\n            <span class=\"kksr-muted\">Valora este art\u00edculo<\/span>\n    <\/div>\n    <\/div>\n","protected":false},"excerpt":{"rendered":"<p>Cualquier ciudad gana en magia y voluptuosidad si es vista  [&#8230;]<\/p>\n","protected":false},"author":4,"featured_media":7424,"comment_status":"closed","ping_status":"closed","sticky":false,"template":"","format":"standard","meta":{"footnotes":""},"categories":[79],"tags":[],"class_list":["post-978","post","type-post","status-publish","format-standard","has-post-thumbnail","hentry","category-vivir-madrid"],"yoast_head":"<!-- This site is optimized with the Yoast SEO plugin v27.4 - https:\/\/yoast.com\/product\/yoast-seo-wordpress\/ -->\n<title>Photowalks y Photowalk navide\u00f1o en Madrid<\/title>\n<meta name=\"description\" content=\"Los Photowalks en Madrid suelen ser gratuitos y basta con que el organizador anuncie una hora y un punto de partida, y proponga la ruta a seguir por la ciudad.\" \/>\n<meta name=\"robots\" content=\"index, follow, max-snippet:-1, max-image-preview:large, max-video-preview:-1\" \/>\n<link rel=\"canonical\" href=\"https:\/\/www.proinca.es\/madridfansblog\/photowalks-otra-forma-de-ver-madrid\/\" \/>\n<meta property=\"og:locale\" content=\"es_ES\" \/>\n<meta property=\"og:type\" content=\"article\" \/>\n<meta property=\"og:title\" content=\"Photowalks y Photowalk navide\u00f1o en Madrid\" \/>\n<meta property=\"og:description\" content=\"Los Photowalks en Madrid suelen ser gratuitos y basta con que el organizador anuncie una hora y un punto de partida, y proponga la ruta a seguir por la ciudad.\" \/>\n<meta property=\"og:url\" content=\"https:\/\/www.proinca.es\/madridfansblog\/photowalks-otra-forma-de-ver-madrid\/\" \/>\n<meta property=\"og:site_name\" content=\"Blog Proinca Madrid\" \/>\n<meta property=\"article:published_time\" content=\"2012-12-13T11:05:25+00:00\" \/>\n<meta property=\"article:modified_time\" content=\"2025-05-28T13:49:27+00:00\" \/>\n<meta property=\"og:image\" content=\"https:\/\/www.proinca.es\/madridfansblog\/wp-content\/uploads\/2012\/12\/photowalk.jpg\" \/>\n\t<meta property=\"og:image:width\" content=\"1000\" \/>\n\t<meta property=\"og:image:height\" content=\"1119\" \/>\n\t<meta property=\"og:image:type\" content=\"image\/jpeg\" \/>\n<meta name=\"author\" content=\"Ana Calero\" \/>\n<script type=\"application\/ld+json\" class=\"yoast-schema-graph\">{\"@context\":\"https:\\\/\\\/schema.org\",\"@graph\":[{\"@type\":\"Article\",\"@id\":\"https:\\\/\\\/www.proinca.es\\\/madridfansblog\\\/photowalks-otra-forma-de-ver-madrid\\\/#article\",\"isPartOf\":{\"@id\":\"https:\\\/\\\/www.proinca.es\\\/madridfansblog\\\/photowalks-otra-forma-de-ver-madrid\\\/\"},\"author\":{\"name\":\"Ana Calero\",\"@id\":\"https:\\\/\\\/www.proinca.es\\\/madridfansblog\\\/#\\\/schema\\\/person\\\/8401adc89c0a0f5a3574c43326247f1e\"},\"headline\":\"PHOTOWALKS. OTRA FORMA DE VER MADRID\",\"datePublished\":\"2012-12-13T11:05:25+00:00\",\"dateModified\":\"2025-05-28T13:49:27+00:00\",\"mainEntityOfPage\":{\"@id\":\"https:\\\/\\\/www.proinca.es\\\/madridfansblog\\\/photowalks-otra-forma-de-ver-madrid\\\/\"},\"wordCount\":302,\"publisher\":{\"@id\":\"https:\\\/\\\/www.proinca.es\\\/madridfansblog\\\/#organization\"},\"image\":{\"@id\":\"https:\\\/\\\/www.proinca.es\\\/madridfansblog\\\/photowalks-otra-forma-de-ver-madrid\\\/#primaryimage\"},\"thumbnailUrl\":\"https:\\\/\\\/www.proinca.es\\\/madridfansblog\\\/wp-content\\\/uploads\\\/2012\\\/12\\\/photowalk.jpg\",\"articleSection\":[\"VIVIR MADRID\"],\"inLanguage\":\"es\"},{\"@type\":\"WebPage\",\"@id\":\"https:\\\/\\\/www.proinca.es\\\/madridfansblog\\\/photowalks-otra-forma-de-ver-madrid\\\/\",\"url\":\"https:\\\/\\\/www.proinca.es\\\/madridfansblog\\\/photowalks-otra-forma-de-ver-madrid\\\/\",\"name\":\"Photowalks y Photowalk navide\u00f1o en Madrid\",\"isPartOf\":{\"@id\":\"https:\\\/\\\/www.proinca.es\\\/madridfansblog\\\/#website\"},\"primaryImageOfPage\":{\"@id\":\"https:\\\/\\\/www.proinca.es\\\/madridfansblog\\\/photowalks-otra-forma-de-ver-madrid\\\/#primaryimage\"},\"image\":{\"@id\":\"https:\\\/\\\/www.proinca.es\\\/madridfansblog\\\/photowalks-otra-forma-de-ver-madrid\\\/#primaryimage\"},\"thumbnailUrl\":\"https:\\\/\\\/www.proinca.es\\\/madridfansblog\\\/wp-content\\\/uploads\\\/2012\\\/12\\\/photowalk.jpg\",\"datePublished\":\"2012-12-13T11:05:25+00:00\",\"dateModified\":\"2025-05-28T13:49:27+00:00\",\"description\":\"Los Photowalks en Madrid suelen ser gratuitos y basta con que el organizador anuncie una hora y un punto de partida, y proponga la ruta a seguir por la ciudad.\",\"inLanguage\":\"es\",\"potentialAction\":[{\"@type\":\"ReadAction\",\"target\":[\"https:\\\/\\\/www.proinca.es\\\/madridfansblog\\\/photowalks-otra-forma-de-ver-madrid\\\/\"]}]},{\"@type\":\"ImageObject\",\"inLanguage\":\"es\",\"@id\":\"https:\\\/\\\/www.proinca.es\\\/madridfansblog\\\/photowalks-otra-forma-de-ver-madrid\\\/#primaryimage\",\"url\":\"https:\\\/\\\/www.proinca.es\\\/madridfansblog\\\/wp-content\\\/uploads\\\/2012\\\/12\\\/photowalk.jpg\",\"contentUrl\":\"https:\\\/\\\/www.proinca.es\\\/madridfansblog\\\/wp-content\\\/uploads\\\/2012\\\/12\\\/photowalk.jpg\",\"width\":1000,\"height\":1119,\"caption\":\"Photowalks. Otra forma de ver Madrid\"},{\"@type\":\"WebSite\",\"@id\":\"https:\\\/\\\/www.proinca.es\\\/madridfansblog\\\/#website\",\"url\":\"https:\\\/\\\/www.proinca.es\\\/madridfansblog\\\/\",\"name\":\"Madrid Fans Blog Proinca\",\"description\":\"Pisos y apartamentos de alquiler en Madrid\",\"publisher\":{\"@id\":\"https:\\\/\\\/www.proinca.es\\\/madridfansblog\\\/#organization\"},\"potentialAction\":[{\"@type\":\"SearchAction\",\"target\":{\"@type\":\"EntryPoint\",\"urlTemplate\":\"https:\\\/\\\/www.proinca.es\\\/madridfansblog\\\/?s={search_term_string}\"},\"query-input\":{\"@type\":\"PropertyValueSpecification\",\"valueRequired\":true,\"valueName\":\"search_term_string\"}}],\"inLanguage\":\"es\"},{\"@type\":\"Organization\",\"@id\":\"https:\\\/\\\/www.proinca.es\\\/madridfansblog\\\/#organization\",\"name\":\"Proinca\",\"url\":\"https:\\\/\\\/www.proinca.es\\\/madridfansblog\\\/\",\"logo\":{\"@type\":\"ImageObject\",\"inLanguage\":\"es\",\"@id\":\"https:\\\/\\\/www.proinca.es\\\/madridfansblog\\\/#\\\/schema\\\/logo\\\/image\\\/\",\"url\":\"https:\\\/\\\/www.proinca.es\\\/madridfansblog\\\/wp-content\\\/uploads\\\/2022\\\/03\\\/logo-proinca.jpg\",\"contentUrl\":\"https:\\\/\\\/www.proinca.es\\\/madridfansblog\\\/wp-content\\\/uploads\\\/2022\\\/03\\\/logo-proinca.jpg\",\"width\":522,\"height\":250,\"caption\":\"Proinca\"},\"image\":{\"@id\":\"https:\\\/\\\/www.proinca.es\\\/madridfansblog\\\/#\\\/schema\\\/logo\\\/image\\\/\"}},{\"@type\":\"Person\",\"@id\":\"https:\\\/\\\/www.proinca.es\\\/madridfansblog\\\/#\\\/schema\\\/person\\\/8401adc89c0a0f5a3574c43326247f1e\",\"name\":\"Ana Calero\",\"image\":{\"@type\":\"ImageObject\",\"inLanguage\":\"es\",\"@id\":\"https:\\\/\\\/www.proinca.es\\\/madridfansblog\\\/wp-content\\\/litespeed\\\/avatar\\\/ef51b25c0718910f475570320941ef46.jpg?ver=1777379772\",\"url\":\"https:\\\/\\\/www.proinca.es\\\/madridfansblog\\\/wp-content\\\/litespeed\\\/avatar\\\/ef51b25c0718910f475570320941ef46.jpg?ver=1777379772\",\"contentUrl\":\"https:\\\/\\\/www.proinca.es\\\/madridfansblog\\\/wp-content\\\/litespeed\\\/avatar\\\/ef51b25c0718910f475570320941ef46.jpg?ver=1777379772\",\"caption\":\"Ana Calero\"},\"description\":\"Licenciada en Ciencias Empresariales por la Universidad Aut\u00f3noma de Madrid. Forma parte del equipo de Apartamentos Proinca y es una enamorada de Madrid\",\"sameAs\":[\"https:\\\/\\\/www.proinca.es\\\/madridfansblog\\\/ana-calero\\\/\"]}]}<\/script>\n<!-- \/ Yoast SEO plugin. -->","yoast_head_json":{"title":"Photowalks y Photowalk navide\u00f1o en Madrid","description":"Los Photowalks en Madrid suelen ser gratuitos y basta con que el organizador anuncie una hora y un punto de partida, y proponga la ruta a seguir por la ciudad.","robots":{"index":"index","follow":"follow","max-snippet":"max-snippet:-1","max-image-preview":"max-image-preview:large","max-video-preview":"max-video-preview:-1"},"canonical":"https:\/\/www.proinca.es\/madridfansblog\/photowalks-otra-forma-de-ver-madrid\/","og_locale":"es_ES","og_type":"article","og_title":"Photowalks y Photowalk navide\u00f1o en Madrid","og_description":"Los Photowalks en Madrid suelen ser gratuitos y basta con que el organizador anuncie una hora y un punto de partida, y proponga la ruta a seguir por la ciudad.","og_url":"https:\/\/www.proinca.es\/madridfansblog\/photowalks-otra-forma-de-ver-madrid\/","og_site_name":"Blog Proinca Madrid","article_published_time":"2012-12-13T11:05:25+00:00","article_modified_time":"2025-05-28T13:49:27+00:00","og_image":[{"width":1000,"height":1119,"url":"https:\/\/www.proinca.es\/madridfansblog\/wp-content\/uploads\/2012\/12\/photowalk.jpg","type":"image\/jpeg"}],"author":"Ana Calero","schema":{"@context":"https:\/\/schema.org","@graph":[{"@type":"Article","@id":"https:\/\/www.proinca.es\/madridfansblog\/photowalks-otra-forma-de-ver-madrid\/#article","isPartOf":{"@id":"https:\/\/www.proinca.es\/madridfansblog\/photowalks-otra-forma-de-ver-madrid\/"},"author":{"name":"Ana Calero","@id":"https:\/\/www.proinca.es\/madridfansblog\/#\/schema\/person\/8401adc89c0a0f5a3574c43326247f1e"},"headline":"PHOTOWALKS. OTRA FORMA DE VER MADRID","datePublished":"2012-12-13T11:05:25+00:00","dateModified":"2025-05-28T13:49:27+00:00","mainEntityOfPage":{"@id":"https:\/\/www.proinca.es\/madridfansblog\/photowalks-otra-forma-de-ver-madrid\/"},"wordCount":302,"publisher":{"@id":"https:\/\/www.proinca.es\/madridfansblog\/#organization"},"image":{"@id":"https:\/\/www.proinca.es\/madridfansblog\/photowalks-otra-forma-de-ver-madrid\/#primaryimage"},"thumbnailUrl":"https:\/\/www.proinca.es\/madridfansblog\/wp-content\/uploads\/2012\/12\/photowalk.jpg","articleSection":["VIVIR MADRID"],"inLanguage":"es"},{"@type":"WebPage","@id":"https:\/\/www.proinca.es\/madridfansblog\/photowalks-otra-forma-de-ver-madrid\/","url":"https:\/\/www.proinca.es\/madridfansblog\/photowalks-otra-forma-de-ver-madrid\/","name":"Photowalks y Photowalk navide\u00f1o en Madrid","isPartOf":{"@id":"https:\/\/www.proinca.es\/madridfansblog\/#website"},"primaryImageOfPage":{"@id":"https:\/\/www.proinca.es\/madridfansblog\/photowalks-otra-forma-de-ver-madrid\/#primaryimage"},"image":{"@id":"https:\/\/www.proinca.es\/madridfansblog\/photowalks-otra-forma-de-ver-madrid\/#primaryimage"},"thumbnailUrl":"https:\/\/www.proinca.es\/madridfansblog\/wp-content\/uploads\/2012\/12\/photowalk.jpg","datePublished":"2012-12-13T11:05:25+00:00","dateModified":"2025-05-28T13:49:27+00:00","description":"Los Photowalks en Madrid suelen ser gratuitos y basta con que el organizador anuncie una hora y un punto de partida, y proponga la ruta a seguir por la ciudad.","inLanguage":"es","potentialAction":[{"@type":"ReadAction","target":["https:\/\/www.proinca.es\/madridfansblog\/photowalks-otra-forma-de-ver-madrid\/"]}]},{"@type":"ImageObject","inLanguage":"es","@id":"https:\/\/www.proinca.es\/madridfansblog\/photowalks-otra-forma-de-ver-madrid\/#primaryimage","url":"https:\/\/www.proinca.es\/madridfansblog\/wp-content\/uploads\/2012\/12\/photowalk.jpg","contentUrl":"https:\/\/www.proinca.es\/madridfansblog\/wp-content\/uploads\/2012\/12\/photowalk.jpg","width":1000,"height":1119,"caption":"Photowalks. Otra forma de ver Madrid"},{"@type":"WebSite","@id":"https:\/\/www.proinca.es\/madridfansblog\/#website","url":"https:\/\/www.proinca.es\/madridfansblog\/","name":"Madrid Fans Blog Proinca","description":"Pisos y apartamentos de alquiler en Madrid","publisher":{"@id":"https:\/\/www.proinca.es\/madridfansblog\/#organization"},"potentialAction":[{"@type":"SearchAction","target":{"@type":"EntryPoint","urlTemplate":"https:\/\/www.proinca.es\/madridfansblog\/?s={search_term_string}"},"query-input":{"@type":"PropertyValueSpecification","valueRequired":true,"valueName":"search_term_string"}}],"inLanguage":"es"},{"@type":"Organization","@id":"https:\/\/www.proinca.es\/madridfansblog\/#organization","name":"Proinca","url":"https:\/\/www.proinca.es\/madridfansblog\/","logo":{"@type":"ImageObject","inLanguage":"es","@id":"https:\/\/www.proinca.es\/madridfansblog\/#\/schema\/logo\/image\/","url":"https:\/\/www.proinca.es\/madridfansblog\/wp-content\/uploads\/2022\/03\/logo-proinca.jpg","contentUrl":"https:\/\/www.proinca.es\/madridfansblog\/wp-content\/uploads\/2022\/03\/logo-proinca.jpg","width":522,"height":250,"caption":"Proinca"},"image":{"@id":"https:\/\/www.proinca.es\/madridfansblog\/#\/schema\/logo\/image\/"}},{"@type":"Person","@id":"https:\/\/www.proinca.es\/madridfansblog\/#\/schema\/person\/8401adc89c0a0f5a3574c43326247f1e","name":"Ana Calero","image":{"@type":"ImageObject","inLanguage":"es","@id":"https:\/\/www.proinca.es\/madridfansblog\/wp-content\/litespeed\/avatar\/ef51b25c0718910f475570320941ef46.jpg?ver=1777379772","url":"https:\/\/www.proinca.es\/madridfansblog\/wp-content\/litespeed\/avatar\/ef51b25c0718910f475570320941ef46.jpg?ver=1777379772","contentUrl":"https:\/\/www.proinca.es\/madridfansblog\/wp-content\/litespeed\/avatar\/ef51b25c0718910f475570320941ef46.jpg?ver=1777379772","caption":"Ana Calero"},"description":"Licenciada en Ciencias Empresariales por la Universidad Aut\u00f3noma de Madrid. Forma parte del equipo de Apartamentos Proinca y es una enamorada de Madrid","sameAs":["https:\/\/www.proinca.es\/madridfansblog\/ana-calero\/"]}]}},"_links":{"self":[{"href":"https:\/\/www.proinca.es\/madridfansblog\/wp-json\/wp\/v2\/posts\/978","targetHints":{"allow":["GET"]}}],"collection":[{"href":"https:\/\/www.proinca.es\/madridfansblog\/wp-json\/wp\/v2\/posts"}],"about":[{"href":"https:\/\/www.proinca.es\/madridfansblog\/wp-json\/wp\/v2\/types\/post"}],"author":[{"embeddable":true,"href":"https:\/\/www.proinca.es\/madridfansblog\/wp-json\/wp\/v2\/users\/4"}],"replies":[{"embeddable":true,"href":"https:\/\/www.proinca.es\/madridfansblog\/wp-json\/wp\/v2\/comments?post=978"}],"version-history":[{"count":14,"href":"https:\/\/www.proinca.es\/madridfansblog\/wp-json\/wp\/v2\/posts\/978\/revisions"}],"predecessor-version":[{"id":7576,"href":"https:\/\/www.proinca.es\/madridfansblog\/wp-json\/wp\/v2\/posts\/978\/revisions\/7576"}],"wp:featuredmedia":[{"embeddable":true,"href":"https:\/\/www.proinca.es\/madridfansblog\/wp-json\/wp\/v2\/media\/7424"}],"wp:attachment":[{"href":"https:\/\/www.proinca.es\/madridfansblog\/wp-json\/wp\/v2\/media?parent=978"}],"wp:term":[{"taxonomy":"category","embeddable":true,"href":"https:\/\/www.proinca.es\/madridfansblog\/wp-json\/wp\/v2\/categories?post=978"},{"taxonomy":"post_tag","embeddable":true,"href":"https:\/\/www.proinca.es\/madridfansblog\/wp-json\/wp\/v2\/tags?post=978"}],"curies":[{"name":"wp","href":"https:\/\/api.w.org\/{rel}","templated":true}]}}