{"id":991,"date":"2012-12-14T10:57:18","date_gmt":"2012-12-14T09:57:18","guid":{"rendered":"http:\/\/www.proinca.es\/madridfansblog\/?p=991"},"modified":"2025-05-28T15:49:32","modified_gmt":"2025-05-28T13:49:32","slug":"ssssscchhhttt-los-secretos-de-el-prado","status":"publish","type":"post","link":"https:\/\/www.proinca.es\/madridfansblog\/ssssscchhhttt-los-secretos-de-el-prado\/","title":{"rendered":"ssssscchhhttt&#8230; LOS SECRETOS DE &#8216;EL PRADO&#8217;"},"content":{"rendered":"<p><strong>El Prado<\/strong> tiene incontables secretos; algunos curiosos como su edad, similar a la de una tortuga de las Gal\u00e1pagos, casi 200 a\u00f1os. <!--more-->Conforme ha pasado el tiempo, la pinacoteca por excelencia en Espa\u00f1a ha enriquecido su colecci\u00f3n permanente (1.200 cuadros), sus fondos (m\u00e1s de 7.000 piezas en sus s\u00f3tanos) e incluso ha depositado en otras instituciones obras propias cuya titularidad no suele relacionarse con el museo. \u00bfSab\u00edas que la famosa <strong>Dama de Elche<\/strong>, que exhibe el Museo Arqueol\u00f3gico Nacional, es en realidad propiedad de El Prado?<\/p>\n<p>El Prado ha mudado de piel varias veces, siempre por necesidad, desde que en 1819 abriera sus puertas para mostrar las obras propiedad de la Corona (de ah\u00ed su nombre primigenio: <strong>Museo Real de Pinturas<\/strong>). Las goteras aparecidas en 1992 motivaron la remodelaci\u00f3n de su tejado y la escasez de espacio oblig\u00f3 a una reciente ampliaci\u00f3n, la de Rafael Moneo, ya culminada, que ha supuesto la inclusi\u00f3n del claustro de la Iglesia de San Jer\u00f3nimo en su esqueleto muse\u00edstico. Antes, en la antesala de la guerra civil, los suelos de madera fueron sustituidos por otros de m\u00e1rmol para reducir los efectos de un posible incendio, si bien el estallido de la contienda nacional supuso el verdadero punto de inflexi\u00f3n con el desmantelamiento, literal, de la pinacoteca y el traslado de sus obras a las Torres Gemelas de Serranos, en Valencia, despu\u00e9s de que nueve bombas incendiarias arrojadas por la Legi\u00f3n C\u00f3ndor provocaran la voz de alarma. \u00bfVolver\u00eda a ser el mismo? Preguntados entonces, lo hubi\u00e9ramos dudado. Hoy podemos decir que el Prado emergi\u00f3 hasta convertirse en lo que hoy es: la \u201ccriatura cultural\u201d m\u00e1s visitada de Espa\u00f1a. El flujo anual de visitantes es equiparable a los habitantes de la propia ciudad de Madrid (tres millones de personas transitan anualmente por sus salas).<\/p>\n<p>sssssccchttttt&#8230;\u00a1no desveles los secretos de <strong>El Prado<\/strong> a nadie!<\/p>\n<p>Foto de Robert Katzki en Unsplash<\/p>\n\n\n<div class=\"kk-star-ratings kksr-auto kksr-align-left kksr-valign-bottom\"\n    data-payload='{&quot;align&quot;:&quot;left&quot;,&quot;id&quot;:&quot;991&quot;,&quot;slug&quot;:&quot;default&quot;,&quot;valign&quot;:&quot;bottom&quot;,&quot;ignore&quot;:&quot;&quot;,&quot;reference&quot;:&quot;auto&quot;,&quot;class&quot;:&quot;&quot;,&quot;count&quot;:&quot;0&quot;,&quot;legendonly&quot;:&quot;&quot;,&quot;readonly&quot;:&quot;&quot;,&quot;score&quot;:&quot;0&quot;,&quot;starsonly&quot;:&quot;&quot;,&quot;best&quot;:&quot;5&quot;,&quot;gap&quot;:&quot;1&quot;,&quot;greet&quot;:&quot;Valora este art\u00edculo&quot;,&quot;legend&quot;:&quot;0\\\/5 - (0 votos)&quot;,&quot;size&quot;:&quot;24&quot;,&quot;title&quot;:&quot;ssssscchhhttt... LOS SECRETOS DE \\u0026#039;EL PRADO\\u0026#039;&quot;,&quot;width&quot;:&quot;0&quot;,&quot;_legend&quot;:&quot;{score}\\\/{best} - ({count} {votes})&quot;,&quot;font_factor&quot;:&quot;1.25&quot;}'>\n            \n<div class=\"kksr-stars\">\n    \n<div class=\"kksr-stars-inactive\">\n            <div class=\"kksr-star\" data-star=\"1\" style=\"padding-right: 1px\">\n            \n\n<div class=\"kksr-icon\" style=\"width: 24px; height: 24px;\"><\/div>\n        <\/div>\n            <div class=\"kksr-star\" data-star=\"2\" style=\"padding-right: 1px\">\n            \n\n<div class=\"kksr-icon\" style=\"width: 24px; height: 24px;\"><\/div>\n        <\/div>\n            <div class=\"kksr-star\" data-star=\"3\" style=\"padding-right: 1px\">\n            \n\n<div class=\"kksr-icon\" style=\"width: 24px; height: 24px;\"><\/div>\n        <\/div>\n            <div class=\"kksr-star\" data-star=\"4\" style=\"padding-right: 1px\">\n            \n\n<div class=\"kksr-icon\" style=\"width: 24px; height: 24px;\"><\/div>\n        <\/div>\n            <div class=\"kksr-star\" data-star=\"5\" style=\"padding-right: 1px\">\n            \n\n<div class=\"kksr-icon\" style=\"width: 24px; height: 24px;\"><\/div>\n        <\/div>\n    <\/div>\n    \n<div class=\"kksr-stars-active\" style=\"width: 0px;\">\n            <div class=\"kksr-star\" style=\"padding-right: 1px\">\n            \n\n<div class=\"kksr-icon\" style=\"width: 24px; height: 24px;\"><\/div>\n        <\/div>\n            <div class=\"kksr-star\" style=\"padding-right: 1px\">\n            \n\n<div class=\"kksr-icon\" style=\"width: 24px; height: 24px;\"><\/div>\n        <\/div>\n            <div class=\"kksr-star\" style=\"padding-right: 1px\">\n            \n\n<div class=\"kksr-icon\" style=\"width: 24px; height: 24px;\"><\/div>\n        <\/div>\n            <div class=\"kksr-star\" style=\"padding-right: 1px\">\n            \n\n<div class=\"kksr-icon\" style=\"width: 24px; height: 24px;\"><\/div>\n        <\/div>\n            <div class=\"kksr-star\" style=\"padding-right: 1px\">\n            \n\n<div class=\"kksr-icon\" style=\"width: 24px; height: 24px;\"><\/div>\n        <\/div>\n    <\/div>\n<\/div>\n                \n\n<div class=\"kksr-legend\" style=\"font-size: 19.2px;\">\n            <span class=\"kksr-muted\">Valora este art\u00edculo<\/span>\n    <\/div>\n    <\/div>\n","protected":false},"excerpt":{"rendered":"<p>El Prado tiene incontables secretos; algunos curiosos como su edad,  [&#8230;]<\/p>\n","protected":false},"author":4,"featured_media":7035,"comment_status":"closed","ping_status":"closed","sticky":false,"template":"","format":"standard","meta":{"footnotes":""},"categories":[79],"tags":[36,27,63,24,5,20],"class_list":["post-991","post","type-post","status-publish","format-standard","has-post-thumbnail","hentry","category-vivir-madrid","tag-afterwork","tag-arte","tag-cultura","tag-exposiciones","tag-madrid","tag-ocio"],"yoast_head":"<!-- This site is optimized with the Yoast SEO plugin v27.4 - https:\/\/yoast.com\/product\/yoast-seo-wordpress\/ -->\n<title>Datos curiosos y desconocidos del Museo de El Prado de Madrid<\/title>\n<meta name=\"description\" content=\"Descubre los datos m\u00e1s curiosos y desconocidos del Museo de El Prado de Madrid: su edad, remodelaciones, ampliaciones, desmantelamientos...\" \/>\n<meta name=\"robots\" content=\"index, follow, max-snippet:-1, max-image-preview:large, max-video-preview:-1\" \/>\n<link rel=\"canonical\" href=\"https:\/\/www.proinca.es\/madridfansblog\/ssssscchhhttt-los-secretos-de-el-prado\/\" \/>\n<meta property=\"og:locale\" content=\"es_ES\" \/>\n<meta property=\"og:type\" content=\"article\" \/>\n<meta property=\"og:title\" content=\"Datos curiosos y desconocidos del Museo de El Prado de Madrid\" \/>\n<meta property=\"og:description\" content=\"Descubre los datos m\u00e1s curiosos y desconocidos del Museo de El Prado de Madrid: su edad, remodelaciones, ampliaciones, desmantelamientos...\" \/>\n<meta property=\"og:url\" content=\"https:\/\/www.proinca.es\/madridfansblog\/ssssscchhhttt-los-secretos-de-el-prado\/\" \/>\n<meta property=\"og:site_name\" content=\"Blog Proinca Madrid\" \/>\n<meta property=\"article:published_time\" content=\"2012-12-14T09:57:18+00:00\" \/>\n<meta property=\"article:modified_time\" content=\"2025-05-28T13:49:32+00:00\" \/>\n<meta property=\"og:image\" content=\"https:\/\/www.proinca.es\/madridfansblog\/wp-content\/uploads\/2012\/12\/secretos-el-prado.jpg\" \/>\n\t<meta property=\"og:image:width\" content=\"1000\" \/>\n\t<meta property=\"og:image:height\" content=\"667\" \/>\n\t<meta property=\"og:image:type\" content=\"image\/jpeg\" \/>\n<meta name=\"author\" content=\"Ana Calero\" \/>\n<script type=\"application\/ld+json\" class=\"yoast-schema-graph\">{\"@context\":\"https:\\\/\\\/schema.org\",\"@graph\":[{\"@type\":\"Article\",\"@id\":\"https:\\\/\\\/www.proinca.es\\\/madridfansblog\\\/ssssscchhhttt-los-secretos-de-el-prado\\\/#article\",\"isPartOf\":{\"@id\":\"https:\\\/\\\/www.proinca.es\\\/madridfansblog\\\/ssssscchhhttt-los-secretos-de-el-prado\\\/\"},\"author\":{\"name\":\"Ana Calero\",\"@id\":\"https:\\\/\\\/www.proinca.es\\\/madridfansblog\\\/#\\\/schema\\\/person\\\/8401adc89c0a0f5a3574c43326247f1e\"},\"headline\":\"ssssscchhhttt&#8230; LOS SECRETOS DE &#8216;EL PRADO&#8217;\",\"datePublished\":\"2012-12-14T09:57:18+00:00\",\"dateModified\":\"2025-05-28T13:49:32+00:00\",\"mainEntityOfPage\":{\"@id\":\"https:\\\/\\\/www.proinca.es\\\/madridfansblog\\\/ssssscchhhttt-los-secretos-de-el-prado\\\/\"},\"wordCount\":337,\"publisher\":{\"@id\":\"https:\\\/\\\/www.proinca.es\\\/madridfansblog\\\/#organization\"},\"image\":{\"@id\":\"https:\\\/\\\/www.proinca.es\\\/madridfansblog\\\/ssssscchhhttt-los-secretos-de-el-prado\\\/#primaryimage\"},\"thumbnailUrl\":\"https:\\\/\\\/www.proinca.es\\\/madridfansblog\\\/wp-content\\\/uploads\\\/2012\\\/12\\\/secretos-el-prado.jpg\",\"keywords\":[\"Afterwork\",\"Arte\",\"Cultura\",\"Exposiciones\",\"Madrid\",\"Ocio\"],\"articleSection\":[\"VIVIR MADRID\"],\"inLanguage\":\"es\"},{\"@type\":\"WebPage\",\"@id\":\"https:\\\/\\\/www.proinca.es\\\/madridfansblog\\\/ssssscchhhttt-los-secretos-de-el-prado\\\/\",\"url\":\"https:\\\/\\\/www.proinca.es\\\/madridfansblog\\\/ssssscchhhttt-los-secretos-de-el-prado\\\/\",\"name\":\"Datos curiosos y desconocidos del Museo de El Prado de Madrid\",\"isPartOf\":{\"@id\":\"https:\\\/\\\/www.proinca.es\\\/madridfansblog\\\/#website\"},\"primaryImageOfPage\":{\"@id\":\"https:\\\/\\\/www.proinca.es\\\/madridfansblog\\\/ssssscchhhttt-los-secretos-de-el-prado\\\/#primaryimage\"},\"image\":{\"@id\":\"https:\\\/\\\/www.proinca.es\\\/madridfansblog\\\/ssssscchhhttt-los-secretos-de-el-prado\\\/#primaryimage\"},\"thumbnailUrl\":\"https:\\\/\\\/www.proinca.es\\\/madridfansblog\\\/wp-content\\\/uploads\\\/2012\\\/12\\\/secretos-el-prado.jpg\",\"datePublished\":\"2012-12-14T09:57:18+00:00\",\"dateModified\":\"2025-05-28T13:49:32+00:00\",\"description\":\"Descubre los datos m\u00e1s curiosos y desconocidos del Museo de El Prado de Madrid: su edad, remodelaciones, ampliaciones, desmantelamientos...\",\"inLanguage\":\"es\",\"potentialAction\":[{\"@type\":\"ReadAction\",\"target\":[\"https:\\\/\\\/www.proinca.es\\\/madridfansblog\\\/ssssscchhhttt-los-secretos-de-el-prado\\\/\"]}]},{\"@type\":\"ImageObject\",\"inLanguage\":\"es\",\"@id\":\"https:\\\/\\\/www.proinca.es\\\/madridfansblog\\\/ssssscchhhttt-los-secretos-de-el-prado\\\/#primaryimage\",\"url\":\"https:\\\/\\\/www.proinca.es\\\/madridfansblog\\\/wp-content\\\/uploads\\\/2012\\\/12\\\/secretos-el-prado.jpg\",\"contentUrl\":\"https:\\\/\\\/www.proinca.es\\\/madridfansblog\\\/wp-content\\\/uploads\\\/2012\\\/12\\\/secretos-el-prado.jpg\",\"width\":1000,\"height\":667,\"caption\":\"Ssssscchhhttt\u2026 los secretos de \u2018el prado\u2019\"},{\"@type\":\"WebSite\",\"@id\":\"https:\\\/\\\/www.proinca.es\\\/madridfansblog\\\/#website\",\"url\":\"https:\\\/\\\/www.proinca.es\\\/madridfansblog\\\/\",\"name\":\"Madrid Fans Blog Proinca\",\"description\":\"Pisos y apartamentos de alquiler en Madrid\",\"publisher\":{\"@id\":\"https:\\\/\\\/www.proinca.es\\\/madridfansblog\\\/#organization\"},\"potentialAction\":[{\"@type\":\"SearchAction\",\"target\":{\"@type\":\"EntryPoint\",\"urlTemplate\":\"https:\\\/\\\/www.proinca.es\\\/madridfansblog\\\/?s={search_term_string}\"},\"query-input\":{\"@type\":\"PropertyValueSpecification\",\"valueRequired\":true,\"valueName\":\"search_term_string\"}}],\"inLanguage\":\"es\"},{\"@type\":\"Organization\",\"@id\":\"https:\\\/\\\/www.proinca.es\\\/madridfansblog\\\/#organization\",\"name\":\"Proinca\",\"url\":\"https:\\\/\\\/www.proinca.es\\\/madridfansblog\\\/\",\"logo\":{\"@type\":\"ImageObject\",\"inLanguage\":\"es\",\"@id\":\"https:\\\/\\\/www.proinca.es\\\/madridfansblog\\\/#\\\/schema\\\/logo\\\/image\\\/\",\"url\":\"https:\\\/\\\/www.proinca.es\\\/madridfansblog\\\/wp-content\\\/uploads\\\/2022\\\/03\\\/logo-proinca.jpg\",\"contentUrl\":\"https:\\\/\\\/www.proinca.es\\\/madridfansblog\\\/wp-content\\\/uploads\\\/2022\\\/03\\\/logo-proinca.jpg\",\"width\":522,\"height\":250,\"caption\":\"Proinca\"},\"image\":{\"@id\":\"https:\\\/\\\/www.proinca.es\\\/madridfansblog\\\/#\\\/schema\\\/logo\\\/image\\\/\"}},{\"@type\":\"Person\",\"@id\":\"https:\\\/\\\/www.proinca.es\\\/madridfansblog\\\/#\\\/schema\\\/person\\\/8401adc89c0a0f5a3574c43326247f1e\",\"name\":\"Ana Calero\",\"image\":{\"@type\":\"ImageObject\",\"inLanguage\":\"es\",\"@id\":\"https:\\\/\\\/www.proinca.es\\\/madridfansblog\\\/wp-content\\\/litespeed\\\/avatar\\\/ef51b25c0718910f475570320941ef46.jpg?ver=1777379772\",\"url\":\"https:\\\/\\\/www.proinca.es\\\/madridfansblog\\\/wp-content\\\/litespeed\\\/avatar\\\/ef51b25c0718910f475570320941ef46.jpg?ver=1777379772\",\"contentUrl\":\"https:\\\/\\\/www.proinca.es\\\/madridfansblog\\\/wp-content\\\/litespeed\\\/avatar\\\/ef51b25c0718910f475570320941ef46.jpg?ver=1777379772\",\"caption\":\"Ana Calero\"},\"description\":\"Licenciada en Ciencias Empresariales por la Universidad Aut\u00f3noma de Madrid. Forma parte del equipo de Apartamentos Proinca y es una enamorada de Madrid\",\"sameAs\":[\"https:\\\/\\\/www.proinca.es\\\/madridfansblog\\\/ana-calero\\\/\"]}]}<\/script>\n<!-- \/ Yoast SEO plugin. -->","yoast_head_json":{"title":"Datos curiosos y desconocidos del Museo de El Prado de Madrid","description":"Descubre los datos m\u00e1s curiosos y desconocidos del Museo de El Prado de Madrid: su edad, remodelaciones, ampliaciones, desmantelamientos...","robots":{"index":"index","follow":"follow","max-snippet":"max-snippet:-1","max-image-preview":"max-image-preview:large","max-video-preview":"max-video-preview:-1"},"canonical":"https:\/\/www.proinca.es\/madridfansblog\/ssssscchhhttt-los-secretos-de-el-prado\/","og_locale":"es_ES","og_type":"article","og_title":"Datos curiosos y desconocidos del Museo de El Prado de Madrid","og_description":"Descubre los datos m\u00e1s curiosos y desconocidos del Museo de El Prado de Madrid: su edad, remodelaciones, ampliaciones, desmantelamientos...","og_url":"https:\/\/www.proinca.es\/madridfansblog\/ssssscchhhttt-los-secretos-de-el-prado\/","og_site_name":"Blog Proinca Madrid","article_published_time":"2012-12-14T09:57:18+00:00","article_modified_time":"2025-05-28T13:49:32+00:00","og_image":[{"width":1000,"height":667,"url":"https:\/\/www.proinca.es\/madridfansblog\/wp-content\/uploads\/2012\/12\/secretos-el-prado.jpg","type":"image\/jpeg"}],"author":"Ana Calero","schema":{"@context":"https:\/\/schema.org","@graph":[{"@type":"Article","@id":"https:\/\/www.proinca.es\/madridfansblog\/ssssscchhhttt-los-secretos-de-el-prado\/#article","isPartOf":{"@id":"https:\/\/www.proinca.es\/madridfansblog\/ssssscchhhttt-los-secretos-de-el-prado\/"},"author":{"name":"Ana Calero","@id":"https:\/\/www.proinca.es\/madridfansblog\/#\/schema\/person\/8401adc89c0a0f5a3574c43326247f1e"},"headline":"ssssscchhhttt&#8230; LOS SECRETOS DE &#8216;EL PRADO&#8217;","datePublished":"2012-12-14T09:57:18+00:00","dateModified":"2025-05-28T13:49:32+00:00","mainEntityOfPage":{"@id":"https:\/\/www.proinca.es\/madridfansblog\/ssssscchhhttt-los-secretos-de-el-prado\/"},"wordCount":337,"publisher":{"@id":"https:\/\/www.proinca.es\/madridfansblog\/#organization"},"image":{"@id":"https:\/\/www.proinca.es\/madridfansblog\/ssssscchhhttt-los-secretos-de-el-prado\/#primaryimage"},"thumbnailUrl":"https:\/\/www.proinca.es\/madridfansblog\/wp-content\/uploads\/2012\/12\/secretos-el-prado.jpg","keywords":["Afterwork","Arte","Cultura","Exposiciones","Madrid","Ocio"],"articleSection":["VIVIR MADRID"],"inLanguage":"es"},{"@type":"WebPage","@id":"https:\/\/www.proinca.es\/madridfansblog\/ssssscchhhttt-los-secretos-de-el-prado\/","url":"https:\/\/www.proinca.es\/madridfansblog\/ssssscchhhttt-los-secretos-de-el-prado\/","name":"Datos curiosos y desconocidos del Museo de El Prado de Madrid","isPartOf":{"@id":"https:\/\/www.proinca.es\/madridfansblog\/#website"},"primaryImageOfPage":{"@id":"https:\/\/www.proinca.es\/madridfansblog\/ssssscchhhttt-los-secretos-de-el-prado\/#primaryimage"},"image":{"@id":"https:\/\/www.proinca.es\/madridfansblog\/ssssscchhhttt-los-secretos-de-el-prado\/#primaryimage"},"thumbnailUrl":"https:\/\/www.proinca.es\/madridfansblog\/wp-content\/uploads\/2012\/12\/secretos-el-prado.jpg","datePublished":"2012-12-14T09:57:18+00:00","dateModified":"2025-05-28T13:49:32+00:00","description":"Descubre los datos m\u00e1s curiosos y desconocidos del Museo de El Prado de Madrid: su edad, remodelaciones, ampliaciones, desmantelamientos...","inLanguage":"es","potentialAction":[{"@type":"ReadAction","target":["https:\/\/www.proinca.es\/madridfansblog\/ssssscchhhttt-los-secretos-de-el-prado\/"]}]},{"@type":"ImageObject","inLanguage":"es","@id":"https:\/\/www.proinca.es\/madridfansblog\/ssssscchhhttt-los-secretos-de-el-prado\/#primaryimage","url":"https:\/\/www.proinca.es\/madridfansblog\/wp-content\/uploads\/2012\/12\/secretos-el-prado.jpg","contentUrl":"https:\/\/www.proinca.es\/madridfansblog\/wp-content\/uploads\/2012\/12\/secretos-el-prado.jpg","width":1000,"height":667,"caption":"Ssssscchhhttt\u2026 los secretos de \u2018el prado\u2019"},{"@type":"WebSite","@id":"https:\/\/www.proinca.es\/madridfansblog\/#website","url":"https:\/\/www.proinca.es\/madridfansblog\/","name":"Madrid Fans Blog Proinca","description":"Pisos y apartamentos de alquiler en Madrid","publisher":{"@id":"https:\/\/www.proinca.es\/madridfansblog\/#organization"},"potentialAction":[{"@type":"SearchAction","target":{"@type":"EntryPoint","urlTemplate":"https:\/\/www.proinca.es\/madridfansblog\/?s={search_term_string}"},"query-input":{"@type":"PropertyValueSpecification","valueRequired":true,"valueName":"search_term_string"}}],"inLanguage":"es"},{"@type":"Organization","@id":"https:\/\/www.proinca.es\/madridfansblog\/#organization","name":"Proinca","url":"https:\/\/www.proinca.es\/madridfansblog\/","logo":{"@type":"ImageObject","inLanguage":"es","@id":"https:\/\/www.proinca.es\/madridfansblog\/#\/schema\/logo\/image\/","url":"https:\/\/www.proinca.es\/madridfansblog\/wp-content\/uploads\/2022\/03\/logo-proinca.jpg","contentUrl":"https:\/\/www.proinca.es\/madridfansblog\/wp-content\/uploads\/2022\/03\/logo-proinca.jpg","width":522,"height":250,"caption":"Proinca"},"image":{"@id":"https:\/\/www.proinca.es\/madridfansblog\/#\/schema\/logo\/image\/"}},{"@type":"Person","@id":"https:\/\/www.proinca.es\/madridfansblog\/#\/schema\/person\/8401adc89c0a0f5a3574c43326247f1e","name":"Ana Calero","image":{"@type":"ImageObject","inLanguage":"es","@id":"https:\/\/www.proinca.es\/madridfansblog\/wp-content\/litespeed\/avatar\/ef51b25c0718910f475570320941ef46.jpg?ver=1777379772","url":"https:\/\/www.proinca.es\/madridfansblog\/wp-content\/litespeed\/avatar\/ef51b25c0718910f475570320941ef46.jpg?ver=1777379772","contentUrl":"https:\/\/www.proinca.es\/madridfansblog\/wp-content\/litespeed\/avatar\/ef51b25c0718910f475570320941ef46.jpg?ver=1777379772","caption":"Ana Calero"},"description":"Licenciada en Ciencias Empresariales por la Universidad Aut\u00f3noma de Madrid. Forma parte del equipo de Apartamentos Proinca y es una enamorada de Madrid","sameAs":["https:\/\/www.proinca.es\/madridfansblog\/ana-calero\/"]}]}},"_links":{"self":[{"href":"https:\/\/www.proinca.es\/madridfansblog\/wp-json\/wp\/v2\/posts\/991","targetHints":{"allow":["GET"]}}],"collection":[{"href":"https:\/\/www.proinca.es\/madridfansblog\/wp-json\/wp\/v2\/posts"}],"about":[{"href":"https:\/\/www.proinca.es\/madridfansblog\/wp-json\/wp\/v2\/types\/post"}],"author":[{"embeddable":true,"href":"https:\/\/www.proinca.es\/madridfansblog\/wp-json\/wp\/v2\/users\/4"}],"replies":[{"embeddable":true,"href":"https:\/\/www.proinca.es\/madridfansblog\/wp-json\/wp\/v2\/comments?post=991"}],"version-history":[{"count":18,"href":"https:\/\/www.proinca.es\/madridfansblog\/wp-json\/wp\/v2\/posts\/991\/revisions"}],"predecessor-version":[{"id":7575,"href":"https:\/\/www.proinca.es\/madridfansblog\/wp-json\/wp\/v2\/posts\/991\/revisions\/7575"}],"wp:featuredmedia":[{"embeddable":true,"href":"https:\/\/www.proinca.es\/madridfansblog\/wp-json\/wp\/v2\/media\/7035"}],"wp:attachment":[{"href":"https:\/\/www.proinca.es\/madridfansblog\/wp-json\/wp\/v2\/media?parent=991"}],"wp:term":[{"taxonomy":"category","embeddable":true,"href":"https:\/\/www.proinca.es\/madridfansblog\/wp-json\/wp\/v2\/categories?post=991"},{"taxonomy":"post_tag","embeddable":true,"href":"https:\/\/www.proinca.es\/madridfansblog\/wp-json\/wp\/v2\/tags?post=991"}],"curies":[{"name":"wp","href":"https:\/\/api.w.org\/{rel}","templated":true}]}}